{"id":6059,"date":"2016-06-01T09:52:03","date_gmt":"2016-06-01T11:52:03","guid":{"rendered":"http:\/\/www.ifbaiano.edu.br\/unidades\/lapa\/?p=6059"},"modified":"2016-06-01T09:53:38","modified_gmt":"2016-06-01T11:53:38","slug":"semana-do-meio-ambiente-adote-uma-arvore","status":"publish","type":"post","link":"https:\/\/www.ifbaiano.edu.br\/unidades\/lapa\/2016\/06\/01\/semana-do-meio-ambiente-adote-uma-arvore\/","title":{"rendered":"Semana do Meio Ambiente: Adote uma \u00c1rvore"},"content":{"rendered":"<p style=\"text-align: justify\">O Campus Bom Jesus da Lapa promover\u00e1 na pr\u00f3xima<strong> sexta feira<\/strong>, <strong>03\/06<\/strong>, a distribui\u00e7\u00e3o de <em>mudas de \u00e1rvores de esp\u00e9cies nativas<\/em>, no sagu\u00e3o do Campus.<!--more--><br \/>\nO evento \u00e9 de responsabilidade da Comiss\u00e3o de Sustentabilidade em parceria com o <strong>Projeto Viveiro de Mudas<\/strong> e comp\u00f5e a programa\u00e7\u00e3o da<strong> Semana do Meio Ambiente<\/strong>, que j\u00e1 contou com a realiza\u00e7\u00e3o de palestras sobre o tema da sustentabilidade e uso de defensivos agr\u00edcolas, bem como a produ\u00e7\u00e3o de cartazes com tem\u00e1ticas relacionadas \u00e0 prote\u00e7\u00e3o ambiental.<br \/>\nO objetivo de mais esta a\u00e7\u00e3o \u00e9 conscientizar a comunidade interna e externa da import\u00e2ncia do plantio de \u00e1rvores e uso racional dos recursos renov\u00e1veis.<\/p>\n<p style=\"text-align: center\"><img decoding=\"async\" loading=\"lazy\" class=\"size-full wp-image-6060 aligncenter\" style=\"border: 1px solid black\" src=\"http:\/\/www.ifbaiano.edu.br\/unidades\/lapa\/files\/2016\/06\/semana-meio-ambiente.jpg\" alt=\"\" width=\"944\" height=\"504\" \/><\/p>\n<p style=\"text-align: center\">\n<hr \/>\n","protected":false},"excerpt":{"rendered":"<p>O Campus Bom Jesus da Lapa promover\u00e1 na pr\u00f3xima sexta feira, 03\/06, a distribui\u00e7\u00e3o de mudas de \u00e1rvores de esp\u00e9cies nativas, no sagu\u00e3o do Campus.<\/p>\n","protected":false},"author":65,"featured_media":0,"comment_status":"open","ping_status":"open","sticky":false,"template":"","format":"standard","meta":[],"categories":[24],"tags":[],"_links":{"self":[{"href":"https:\/\/www.ifbaiano.edu.br\/unidades\/lapa\/wp-json\/wp\/v2\/posts\/6059"}],"collection":[{"href":"https:\/\/www.ifbaiano.edu.br\/unidades\/lapa\/wp-json\/wp\/v2\/posts"}],"about":[{"href":"https:\/\/www.ifbaiano.edu.br\/unidades\/lapa\/wp-json\/wp\/v2\/types\/post"}],"author":[{"embeddable":true,"href":"https:\/\/www.ifbaiano.edu.br\/unidades\/lapa\/wp-json\/wp\/v2\/users\/65"}],"replies":[{"embeddable":true,"href":"https:\/\/www.ifbaiano.edu.br\/unidades\/lapa\/wp-json\/wp\/v2\/comments?post=6059"}],"version-history":[{"count":42,"href":"https:\/\/www.ifbaiano.edu.br\/unidades\/lapa\/wp-json\/wp\/v2\/posts\/6059\/revisions"}],"predecessor-version":[{"id":6100,"href":"https:\/\/www.ifbaiano.edu.br\/unidades\/lapa\/wp-json\/wp\/v2\/posts\/6059\/revisions\/6100"}],"wp:attachment":[{"href":"https:\/\/www.ifbaiano.edu.br\/unidades\/lapa\/wp-json\/wp\/v2\/media?parent=6059"}],"wp:term":[{"taxonomy":"category","embeddable":true,"href":"https:\/\/www.ifbaiano.edu.br\/unidades\/lapa\/wp-json\/wp\/v2\/categories?post=6059"},{"taxonomy":"post_tag","embeddable":true,"href":"https:\/\/www.ifbaiano.edu.br\/unidades\/lapa\/wp-json\/wp\/v2\/tags?post=6059"}],"curies":[{"name":"wp","href":"https:\/\/api.w.org\/{rel}","templated":true}]}}