{"id":608,"date":"2012-10-09T11:55:55","date_gmt":"2012-10-09T13:55:55","guid":{"rendered":"http:\/\/www.ifbaiano.edu.br\/unidades\/lapa\/?p=608"},"modified":"2012-10-09T12:02:48","modified_gmt":"2012-10-09T14:02:48","slug":"eleicao-comissoes-de-avaliacao-do-campus-%e2%80%93-cac","status":"publish","type":"post","link":"https:\/\/www.ifbaiano.edu.br\/unidades\/lapa\/2012\/10\/09\/eleicao-comissoes-de-avaliacao-do-campus-%e2%80%93-cac\/","title":{"rendered":"Elei\u00e7\u00e3o: Comiss\u00f5es de Avalia\u00e7\u00e3o do Campus \u2013 CAC"},"content":{"rendered":"<p>A elei\u00e7\u00e3o ser\u00e1 realizada\u00a0 no dia 31 de outubro em todos os campi.<\/p>\n<p><!--more--><\/p>\n<p>&nbsp;<\/p>\n<p>A Comiss\u00e3o Pr\u00f3pria de Avalia\u00e7\u00e3o do IF Baiano informa o per\u00edodo eleitoral para escolha de membros da Comiss\u00e3o de Avalia\u00e7\u00e3o dos <em>Campi<\/em>\u2013 CAC, a ser realizado de 8 de outubro a 9 de novembro de 2012.<\/p>\n<p>Podem concorrer docentes e t\u00e9cnico-administrativos que comp\u00f5em o quadro ativo permanente do instituto; e alunos maiores de 18 anos matriculados nos cursos presenciais da Educa\u00e7\u00e3o Profissional T\u00e9cnico de N\u00edvel M\u00e9dio e de gradua\u00e7\u00e3o.<\/p>\n<p>Os candidatos devem se inscrever no per\u00edodo de 16 a 19 de outubro de 2012.<\/p>\n<p>A elei\u00e7\u00e3o ser\u00e1 realizada no dia 31 de outubro em todos os <em>campi<\/em>, no hor\u00e1rio das 8 \u00e0s 21 horas.<\/p>\n<p><a href=\"http:\/\/www.ifbaiano.edu.br\/unidades\/lapa\/files\/2012\/10\/edital.pdf\">Confira aqui o edital<\/a><\/p>\n","protected":false},"excerpt":{"rendered":"<p>A elei\u00e7\u00e3o ser\u00e1 realizada\u00a0 no dia 31 de outubro em todos os campi.<\/p>\n","protected":false},"author":23,"featured_media":0,"comment_status":"open","ping_status":"open","sticky":false,"template":"","format":"standard","meta":[],"categories":[38],"tags":[],"_links":{"self":[{"href":"https:\/\/www.ifbaiano.edu.br\/unidades\/lapa\/wp-json\/wp\/v2\/posts\/608"}],"collection":[{"href":"https:\/\/www.ifbaiano.edu.br\/unidades\/lapa\/wp-json\/wp\/v2\/posts"}],"about":[{"href":"https:\/\/www.ifbaiano.edu.br\/unidades\/lapa\/wp-json\/wp\/v2\/types\/post"}],"author":[{"embeddable":true,"href":"https:\/\/www.ifbaiano.edu.br\/unidades\/lapa\/wp-json\/wp\/v2\/users\/23"}],"replies":[{"embeddable":true,"href":"https:\/\/www.ifbaiano.edu.br\/unidades\/lapa\/wp-json\/wp\/v2\/comments?post=608"}],"version-history":[{"count":3,"href":"https:\/\/www.ifbaiano.edu.br\/unidades\/lapa\/wp-json\/wp\/v2\/posts\/608\/revisions"}],"predecessor-version":[{"id":611,"href":"https:\/\/www.ifbaiano.edu.br\/unidades\/lapa\/wp-json\/wp\/v2\/posts\/608\/revisions\/611"}],"wp:attachment":[{"href":"https:\/\/www.ifbaiano.edu.br\/unidades\/lapa\/wp-json\/wp\/v2\/media?parent=608"}],"wp:term":[{"taxonomy":"category","embeddable":true,"href":"https:\/\/www.ifbaiano.edu.br\/unidades\/lapa\/wp-json\/wp\/v2\/categories?post=608"},{"taxonomy":"post_tag","embeddable":true,"href":"https:\/\/www.ifbaiano.edu.br\/unidades\/lapa\/wp-json\/wp\/v2\/tags?post=608"}],"curies":[{"name":"wp","href":"https:\/\/api.w.org\/{rel}","templated":true}]}}