{"id":6112,"date":"2016-06-02T12:47:50","date_gmt":"2016-06-02T14:47:50","guid":{"rendered":"http:\/\/www.ifbaiano.edu.br\/unidades\/lapa\/?p=6112"},"modified":"2016-06-02T15:25:22","modified_gmt":"2016-06-02T17:25:22","slug":"campus-bom-jesus-da-lapa-realizara-no-proximo-sabado-letivo-debate-sobre-educacao-sexual","status":"publish","type":"post","link":"https:\/\/www.ifbaiano.edu.br\/unidades\/lapa\/2016\/06\/02\/campus-bom-jesus-da-lapa-realizara-no-proximo-sabado-letivo-debate-sobre-educacao-sexual\/","title":{"rendered":"Campus Bom Jesus da Lapa realizar\u00e1, no pr\u00f3ximo s\u00e1bado letivo, debate sobre Educa\u00e7\u00e3o Sexual"},"content":{"rendered":"<p style=\"text-align: justify\">O <em>Campus<\/em> Bom Jesus da Lapa, consciente de que a escola \u00e9 um local privilegiado de educa\u00e7\u00e3o, assume a tarefa de proporcionar aos adolescentes uma reflex\u00e3o mais respons\u00e1vel sobre a Educa\u00e7\u00e3o Sexual. Os estudantes dos novos cursos ofertados pelo Campus, Cursos T\u00e9cnicos Integrados em: Agricultura, Inform\u00e1tica e Agroecologia, mostraram-se interessados e inquietos por discutir quest\u00f5es que envolvem esta tem\u00e1tica. Em decorr\u00eancia disso, toda a equipe pedag\u00f3gica buscou proporcionar um momento de reflex\u00e3o envolvendo a participa\u00e7\u00e3o dos professores, t\u00e9cnicos administrativos e alunos dos cursos t\u00e9cnicos integrados e subsequentes de n\u00edvel m\u00e9dio.<\/p>\n<div style=\"text-align: justify\">Assim, com objetivo macro de \u00a0promover espa\u00e7os de discuss\u00e3o e o pr\u00f3prio embate de ideias relacionadas ao tema, baseando-se em conhecimentos cient\u00edficos e na preserva\u00e7\u00e3o do direito da pessoa \u00e0 viv\u00eancia da sexualidade com respeito a si mesmo (a) e ao(s) outros(as), o Campus realizar\u00e1, neste s\u00e1bado letivo (04\/06), das 8h \u00e0s 12h, uma Confer\u00eancia sobre Educa\u00e7\u00e3o Sexual, para discutir as seguintes tem\u00e1ticas:<\/div>\n<p><\/p>\n<div style=\"text-align: justify\"><strong>Tema 1 &#8211;<\/strong> <span style=\"text-decoration: underline\">Sexualidade, g\u00eanero e corpo<\/span><\/div>\n<div style=\"text-align: justify\"><strong>Tema 2<\/strong> &#8211; <span style=\"text-decoration: underline\">Desenvolvimento psicossexual humano<\/span><\/div>\n<div style=\"text-align: justify\"><strong>Tema 3<\/strong> &#8211; <span style=\"text-decoration: underline\">DSTs\/Aids: discuss\u00e3o sobre as formas de cont\u00e1gio, tratamento e preven\u00e7\u00e3o<\/span><\/div>\n<div style=\"text-align: justify\">Al\u00e9m das palestras, o p\u00fablico alvo poder\u00e1 se envolver em outras atividades pedag\u00f3gicas ligadas ao tema. Participe!<\/div>\n<p><\/p>\n<div><img decoding=\"async\" loading=\"lazy\" class=\"alignright size-full wp-image-6113\" src=\"http:\/\/www.ifbaiano.edu.br\/unidades\/lapa\/files\/2016\/06\/palestra_edu_sexual.jpg\" alt=\"\" width=\"960\" height=\"720\" \/><\/div>\n<p><\/p>\n<hr \/>\n","protected":false},"excerpt":{"rendered":"<p>O Campus Bom Jesus da Lapa, consciente de que a escola \u00e9 um local privilegiado de educa\u00e7\u00e3o, assume a tarefa de proporcionar aos adolescentes uma reflex\u00e3o mais respons\u00e1vel sobre a Educa\u00e7\u00e3o Sexual. Os estudantes dos novos cursos ofertados pelo Campus, Cursos T\u00e9cnicos Integrados em: Agricultura, Inform\u00e1tica e Agroecologia, mostraram-se interessados e inquietos por discutir quest\u00f5es [&hellip;]<\/p>\n","protected":false},"author":65,"featured_media":0,"comment_status":"open","ping_status":"open","sticky":false,"template":"","format":"standard","meta":[],"categories":[24],"tags":[],"_links":{"self":[{"href":"https:\/\/www.ifbaiano.edu.br\/unidades\/lapa\/wp-json\/wp\/v2\/posts\/6112"}],"collection":[{"href":"https:\/\/www.ifbaiano.edu.br\/unidades\/lapa\/wp-json\/wp\/v2\/posts"}],"about":[{"href":"https:\/\/www.ifbaiano.edu.br\/unidades\/lapa\/wp-json\/wp\/v2\/types\/post"}],"author":[{"embeddable":true,"href":"https:\/\/www.ifbaiano.edu.br\/unidades\/lapa\/wp-json\/wp\/v2\/users\/65"}],"replies":[{"embeddable":true,"href":"https:\/\/www.ifbaiano.edu.br\/unidades\/lapa\/wp-json\/wp\/v2\/comments?post=6112"}],"version-history":[{"count":15,"href":"https:\/\/www.ifbaiano.edu.br\/unidades\/lapa\/wp-json\/wp\/v2\/posts\/6112\/revisions"}],"predecessor-version":[{"id":6126,"href":"https:\/\/www.ifbaiano.edu.br\/unidades\/lapa\/wp-json\/wp\/v2\/posts\/6112\/revisions\/6126"}],"wp:attachment":[{"href":"https:\/\/www.ifbaiano.edu.br\/unidades\/lapa\/wp-json\/wp\/v2\/media?parent=6112"}],"wp:term":[{"taxonomy":"category","embeddable":true,"href":"https:\/\/www.ifbaiano.edu.br\/unidades\/lapa\/wp-json\/wp\/v2\/categories?post=6112"},{"taxonomy":"post_tag","embeddable":true,"href":"https:\/\/www.ifbaiano.edu.br\/unidades\/lapa\/wp-json\/wp\/v2\/tags?post=6112"}],"curies":[{"name":"wp","href":"https:\/\/api.w.org\/{rel}","templated":true}]}}