{"id":6151,"date":"2016-06-08T15:08:24","date_gmt":"2016-06-08T17:08:24","guid":{"rendered":"http:\/\/www.ifbaiano.edu.br\/unidades\/lapa\/?p=6151"},"modified":"2016-06-08T15:08:24","modified_gmt":"2016-06-08T17:08:24","slug":"campus-lapa-inicia-as-atividades-do-projeto-cultural-oficinando-cultura-no-territorio-velho-chico","status":"publish","type":"post","link":"https:\/\/www.ifbaiano.edu.br\/unidades\/lapa\/2016\/06\/08\/campus-lapa-inicia-as-atividades-do-projeto-cultural-oficinando-cultura-no-territorio-velho-chico\/","title":{"rendered":"Campus Lapa inicia as atividades do Projeto Cultural &#8220;Oficinando Cultura no Territ\u00f3rio Velho Chico&#8221;"},"content":{"rendered":"<p>&nbsp;<\/p>\n<p style=\"text-align: justify\">Na \u00faltima sexta-feira, dia <strong>03\/06\/2016<\/strong>, iniciaram-se as atividades do <em>Projeto Cultural<\/em> <strong>&#8220;Oficinando Cultura no Territ\u00f3rio Velho Chico&#8221;<\/strong>.<br \/>\nO Projeto &#8220;Oficinando Cultura&#8221; visa difundir na comunidade acad\u00eamica e em geral, atrav\u00e9s de oficinas, o conhecimento do fazer art\u00edstico por meio do ensino e da produ\u00e7\u00e3o de artistas locais. De <em>Julho a Dezembro<\/em>, <span style=\"text-decoration: underline\">ocorrer\u00e3o oficinas destinadas a determinado tema art\u00edstico, como m\u00fasica, teatro, fotografia e etc<\/span>.<br \/>\nA<em> primeira oficina<\/em> a ser ministrada foi a de &#8220;<em>Inicia\u00e7\u00e3o ao Teatro<\/em>&#8220;, dirigida pelo professor Dyll Souza, diretor do grupo de teatro \u201cAmadores da Arte\u201d de Serra do Ramalho. Os participantes puderam vivenciar na pr\u00e1tica, in\u00fameras t\u00e9cnicas utilizadas no teatro profissional, como aquecimentos, posturas de palco, expressividade, entre outras. A oficina foi conclu\u00edda com a montagem de uma &#8220;pe\u00e7a rel\u00e2mpago&#8221;, onde os participantes atuaram nas cenas de forma caracterizada, colocando em pr\u00e1tica o que foi ensinado pelo professor Dyll Souza. Cerca de <em>25 inscritos<\/em>, entre eles <em>alunos do campus e comunidade externa<\/em>, participaram da oficina.<\/p>\n\n\t\t<style type=\"text\/css\">\n\t\t\t#gallery-1 {\n\t\t\t\tmargin: auto;\n\t\t\t}\n\t\t\t#gallery-1 .gallery-item {\n\t\t\t\tfloat: left;\n\t\t\t\tmargin-top: 10px;\n\t\t\t\ttext-align: center;\n\t\t\t\twidth: 25%;\n\t\t\t}\n\t\t\t#gallery-1 img {\n\t\t\t\tborder: 2px solid #cfcfcf;\n\t\t\t}\n\t\t\t#gallery-1 .gallery-caption {\n\t\t\t\tmargin-left: 0;\n\t\t\t}\n\t\t\t\/* see gallery_shortcode() in wp-includes\/media.php *\/\n\t\t<\/style>\n\t\t<div id='gallery-1' class='gallery galleryid-6151 gallery-columns-4 gallery-size-thumbnail'><dl class='gallery-item'>\n\t\t\t<dt class='gallery-icon landscape'>\n\t\t\t\t<a href='https:\/\/www.ifbaiano.edu.br\/unidades\/lapa\/files\/2016\/06\/foto1-proj-cult.jpg'><img width=\"150\" height=\"84\" src=\"https:\/\/www.ifbaiano.edu.br\/unidades\/lapa\/files\/2016\/06\/foto1-proj-cult.jpg\" class=\"attachment-thumbnail size-thumbnail\" alt=\"\" decoding=\"async\" loading=\"lazy\" \/><\/a>\n\t\t\t<\/dt><\/dl><dl class='gallery-item'>\n\t\t\t<dt class='gallery-icon landscape'>\n\t\t\t\t<a href='https:\/\/www.ifbaiano.edu.br\/unidades\/lapa\/files\/2016\/06\/foto2-proj-cult.jpg'><img width=\"150\" height=\"84\" src=\"https:\/\/www.ifbaiano.edu.br\/unidades\/lapa\/files\/2016\/06\/foto2-proj-cult.jpg\" class=\"attachment-thumbnail size-thumbnail\" alt=\"\" decoding=\"async\" loading=\"lazy\" \/><\/a>\n\t\t\t<\/dt><\/dl><dl class='gallery-item'>\n\t\t\t<dt class='gallery-icon landscape'>\n\t\t\t\t<a href='https:\/\/www.ifbaiano.edu.br\/unidades\/lapa\/files\/2016\/06\/foto3-proj-cult.jpg'><img width=\"150\" height=\"84\" src=\"https:\/\/www.ifbaiano.edu.br\/unidades\/lapa\/files\/2016\/06\/foto3-proj-cult.jpg\" class=\"attachment-thumbnail size-thumbnail\" alt=\"\" decoding=\"async\" loading=\"lazy\" \/><\/a>\n\t\t\t<\/dt><\/dl><dl class='gallery-item'>\n\t\t\t<dt class='gallery-icon landscape'>\n\t\t\t\t<a href='https:\/\/www.ifbaiano.edu.br\/unidades\/lapa\/files\/2016\/06\/foto4-proj-cult.jpg'><img width=\"150\" height=\"84\" src=\"https:\/\/www.ifbaiano.edu.br\/unidades\/lapa\/files\/2016\/06\/foto4-proj-cult.jpg\" class=\"attachment-thumbnail size-thumbnail\" alt=\"\" decoding=\"async\" loading=\"lazy\" \/><\/a>\n\t\t\t<\/dt><\/dl><br style=\"clear: both\" \/>\n\t\t<\/div>\n\n<p style=\"text-align: justify\">\n<p><\/p>\n<hr \/>\n","protected":false},"excerpt":{"rendered":"<p>&nbsp; Na \u00faltima sexta-feira, dia 03\/06\/2016, iniciaram-se as atividades do Projeto Cultural &#8220;Oficinando Cultura no Territ\u00f3rio Velho Chico&#8221;. O Projeto &#8220;Oficinando Cultura&#8221; visa difundir na comunidade acad\u00eamica e em geral, atrav\u00e9s de oficinas, o conhecimento do fazer art\u00edstico por meio do ensino e da produ\u00e7\u00e3o de artistas locais. De Julho a Dezembro, ocorrer\u00e3o oficinas destinadas [&hellip;]<\/p>\n","protected":false},"author":65,"featured_media":0,"comment_status":"open","ping_status":"open","sticky":false,"template":"","format":"standard","meta":[],"categories":[24],"tags":[],"_links":{"self":[{"href":"https:\/\/www.ifbaiano.edu.br\/unidades\/lapa\/wp-json\/wp\/v2\/posts\/6151"}],"collection":[{"href":"https:\/\/www.ifbaiano.edu.br\/unidades\/lapa\/wp-json\/wp\/v2\/posts"}],"about":[{"href":"https:\/\/www.ifbaiano.edu.br\/unidades\/lapa\/wp-json\/wp\/v2\/types\/post"}],"author":[{"embeddable":true,"href":"https:\/\/www.ifbaiano.edu.br\/unidades\/lapa\/wp-json\/wp\/v2\/users\/65"}],"replies":[{"embeddable":true,"href":"https:\/\/www.ifbaiano.edu.br\/unidades\/lapa\/wp-json\/wp\/v2\/comments?post=6151"}],"version-history":[{"count":14,"href":"https:\/\/www.ifbaiano.edu.br\/unidades\/lapa\/wp-json\/wp\/v2\/posts\/6151\/revisions"}],"predecessor-version":[{"id":6169,"href":"https:\/\/www.ifbaiano.edu.br\/unidades\/lapa\/wp-json\/wp\/v2\/posts\/6151\/revisions\/6169"}],"wp:attachment":[{"href":"https:\/\/www.ifbaiano.edu.br\/unidades\/lapa\/wp-json\/wp\/v2\/media?parent=6151"}],"wp:term":[{"taxonomy":"category","embeddable":true,"href":"https:\/\/www.ifbaiano.edu.br\/unidades\/lapa\/wp-json\/wp\/v2\/categories?post=6151"},{"taxonomy":"post_tag","embeddable":true,"href":"https:\/\/www.ifbaiano.edu.br\/unidades\/lapa\/wp-json\/wp\/v2\/tags?post=6151"}],"curies":[{"name":"wp","href":"https:\/\/api.w.org\/{rel}","templated":true}]}}