{"id":617,"date":"2012-10-15T09:08:16","date_gmt":"2012-10-15T11:08:16","guid":{"rendered":"http:\/\/www.ifbaiano.edu.br\/unidades\/lapa\/?p=617"},"modified":"2012-10-15T11:23:06","modified_gmt":"2012-10-15T13:23:06","slug":"nomeada-a-diretora-do-departamento-de-desenvolvimento-educacional-substituta-do-campus-bom-jesus-da-lapa","status":"publish","type":"post","link":"https:\/\/www.ifbaiano.edu.br\/unidades\/lapa\/2012\/10\/15\/nomeada-a-diretora-do-departamento-de-desenvolvimento-educacional-substituta-do-campus-bom-jesus-da-lapa\/","title":{"rendered":"Nomeada a Diretora do Departamento de Desenvolvimento Educacional Substituta do Campus Bom Jesus da Lapa"},"content":{"rendered":"<p>A nomea\u00e7\u00e3o saiu no Di\u00e1rio Oficial do dia 10\/10\/2012, se\u00e7\u00e3o 2.<\/p>\n<p><!--more--><\/p>\n<p>Com a remo\u00e7\u00e3o da servidora MAYANA ABREU PEREIRA, para o Campus Guanambi, o posto de substituto do Departamento de Desenvolvimento Educacional passou a ser ocupado pela servidora LINDOMAR SANTANA ARANHA.<\/p>\n<p><a href=\"http:\/\/www.ifbaiano.edu.br\/unidades\/lapa\/files\/2012\/10\/portaria.pdf\">Confira a Portaria<\/a><\/p>\n<p>&nbsp;<\/p>\n","protected":false},"excerpt":{"rendered":"<p>A nomea\u00e7\u00e3o saiu no Di\u00e1rio Oficial do dia 10\/10\/2012, se\u00e7\u00e3o 2.<\/p>\n","protected":false},"author":23,"featured_media":0,"comment_status":"open","ping_status":"open","sticky":false,"template":"","format":"standard","meta":[],"categories":[24],"tags":[],"_links":{"self":[{"href":"https:\/\/www.ifbaiano.edu.br\/unidades\/lapa\/wp-json\/wp\/v2\/posts\/617"}],"collection":[{"href":"https:\/\/www.ifbaiano.edu.br\/unidades\/lapa\/wp-json\/wp\/v2\/posts"}],"about":[{"href":"https:\/\/www.ifbaiano.edu.br\/unidades\/lapa\/wp-json\/wp\/v2\/types\/post"}],"author":[{"embeddable":true,"href":"https:\/\/www.ifbaiano.edu.br\/unidades\/lapa\/wp-json\/wp\/v2\/users\/23"}],"replies":[{"embeddable":true,"href":"https:\/\/www.ifbaiano.edu.br\/unidades\/lapa\/wp-json\/wp\/v2\/comments?post=617"}],"version-history":[{"count":4,"href":"https:\/\/www.ifbaiano.edu.br\/unidades\/lapa\/wp-json\/wp\/v2\/posts\/617\/revisions"}],"predecessor-version":[{"id":620,"href":"https:\/\/www.ifbaiano.edu.br\/unidades\/lapa\/wp-json\/wp\/v2\/posts\/617\/revisions\/620"}],"wp:attachment":[{"href":"https:\/\/www.ifbaiano.edu.br\/unidades\/lapa\/wp-json\/wp\/v2\/media?parent=617"}],"wp:term":[{"taxonomy":"category","embeddable":true,"href":"https:\/\/www.ifbaiano.edu.br\/unidades\/lapa\/wp-json\/wp\/v2\/categories?post=617"},{"taxonomy":"post_tag","embeddable":true,"href":"https:\/\/www.ifbaiano.edu.br\/unidades\/lapa\/wp-json\/wp\/v2\/tags?post=617"}],"curies":[{"name":"wp","href":"https:\/\/api.w.org\/{rel}","templated":true}]}}