{"id":6182,"date":"2016-06-08T17:46:38","date_gmt":"2016-06-08T19:46:38","guid":{"rendered":"http:\/\/www.ifbaiano.edu.br\/unidades\/lapa\/?p=6182"},"modified":"2016-07-14T17:36:14","modified_gmt":"2016-07-14T19:36:14","slug":"chamada-publica-para-programa-nacional-de-alimentacao-escolar-pnae","status":"publish","type":"post","link":"https:\/\/www.ifbaiano.edu.br\/unidades\/lapa\/2016\/06\/08\/chamada-publica-para-programa-nacional-de-alimentacao-escolar-pnae\/","title":{"rendered":"Chamada P\u00fablica para Programa Nacional de Alimenta\u00e7\u00e3o Escolar &#8211; PNAE"},"content":{"rendered":"<p style=\"text-align: justify\">&#8220;O Instituto Federal Baiano \u2013 Campus Bom Jesus da Lapa torna p\u00fablico, para conhecimento dos interessados, que realizar\u00e1 a <strong>Chamada P\u00fablica n\u00ba 01\/2016<\/strong>. <span style=\"text-decoration: underline\">Objeto:<\/span> <strong>Aquisi\u00e7\u00e3o de g\u00eaneros aliment\u00edcios da agricultura familiar para atendimento ao Programa Nacional de Alimenta\u00e7\u00e3o Escolar \u2013 PNAE<\/strong>,<!--more--> conforme as pe\u00e7as t\u00e9cnicas constantes no Instrumento Convocat\u00f3rio e seus anexos, partes integrantes desta Chamada P\u00fablica. O Edital encontra-se dispon\u00edvel na sede do \u00a0Campus e no s\u00edtio\u00a0 <a href=\"http:\/\/www.ifbaiano.edu.br\/unidades\/lapa\/\" target=\"_blank\">http:\/\/www.ifbaiano.edu.br\/unidades\/lapa\/<\/a>. Sess\u00e3o de abertura: 06\/07\/2016, \u00e0s 09h, Hor\u00e1rio Local, na sede do Instituto Federal Baiano \u2013 Campus Bom Jesus da Lapa, localizado na BR 349, Km 14, Rodovia Bom Jesus da Lapa X Santa Maria da Vit\u00f3ria \u2013 Bahia.&#8221;<\/p>\n<p style=\"text-align: justify\">Acessem abaixo o Edital e Anexos (formul\u00e1rios):<\/p>\n<p style=\"padding-left: 30px;text-align: justify\"><a title=\"Edital Chamada P\u00fablica n\u00ba 01\/2016\" href=\"http:\/\/www.ifbaiano.edu.br\/unidades\/lapa\/files\/2016\/06\/Edital-Chamada-P\u00fablica-01-2016.pdf\" target=\"_blank\">&#8211; Edital Chamada P\u00fablica n\u00ba 1\/2016<\/a><\/p>\n<p style=\"padding-left: 30px;text-align: justify\"><a title=\"Anexo I - ESPECIFICA\u00c7\u00d5ES\" href=\"http:\/\/www.ifbaiano.edu.br\/unidades\/lapa\/files\/2016\/06\/Anexo-I-ESPECIFICA\u00c7\u00d5ES.odt\" target=\"_blank\">&#8211; Anexo I\u00a0&#8211; Especifica\u00e7\u00f5es<\/a><\/p>\n<p style=\"padding-left: 30px;text-align: justify\"><a title=\"Anexo II - Projeto de Venda\" href=\"http:\/\/www.ifbaiano.edu.br\/unidades\/lapa\/files\/2016\/06\/Anexo-II-Projeto-de-Venda.odt\" target=\"_blank\">&#8211; Anexo II &#8211; Projeto de Venda<\/a><\/p>\n<p style=\"padding-left: 30px;text-align: justify\"><a title=\"Anexo III - Declara\u00e7\u00e3o de Origem dos Produtos\" href=\"http:\/\/www.ifbaiano.edu.br\/unidades\/lapa\/files\/2016\/06\/Anexo-III-Declaracao-de-Origem-dos-Produtos.odt\" target=\"_blank\">&#8211; Anexo III\u00a0&#8211; Declara\u00e7\u00e3o de Origem dos Produtos<\/a><\/p>\n<p><a href=\"http:\/\/www.fnde.gov.br\/programas\/alimentacao-escolar\" target=\"_blank\"><img decoding=\"async\" loading=\"lazy\" class=\"alignright size-full wp-image-6200\" style=\"border: 1px solid black\" src=\"http:\/\/www.ifbaiano.edu.br\/unidades\/lapa\/files\/2016\/06\/capa_pnae.png\" alt=\"\" width=\"941\" height=\"256\" \/><\/a><\/p>\n<hr \/>\n","protected":false},"excerpt":{"rendered":"<p>&#8220;O Instituto Federal Baiano \u2013 Campus Bom Jesus da Lapa torna p\u00fablico, para conhecimento dos interessados, que realizar\u00e1 a Chamada P\u00fablica n\u00ba 01\/2016. Objeto: Aquisi\u00e7\u00e3o de g\u00eaneros aliment\u00edcios da agricultura familiar para atendimento ao Programa Nacional de Alimenta\u00e7\u00e3o Escolar \u2013 PNAE,<\/p>\n","protected":false},"author":65,"featured_media":6200,"comment_status":"open","ping_status":"open","sticky":false,"template":"","format":"standard","meta":[],"categories":[24],"tags":[],"_links":{"self":[{"href":"https:\/\/www.ifbaiano.edu.br\/unidades\/lapa\/wp-json\/wp\/v2\/posts\/6182"}],"collection":[{"href":"https:\/\/www.ifbaiano.edu.br\/unidades\/lapa\/wp-json\/wp\/v2\/posts"}],"about":[{"href":"https:\/\/www.ifbaiano.edu.br\/unidades\/lapa\/wp-json\/wp\/v2\/types\/post"}],"author":[{"embeddable":true,"href":"https:\/\/www.ifbaiano.edu.br\/unidades\/lapa\/wp-json\/wp\/v2\/users\/65"}],"replies":[{"embeddable":true,"href":"https:\/\/www.ifbaiano.edu.br\/unidades\/lapa\/wp-json\/wp\/v2\/comments?post=6182"}],"version-history":[{"count":55,"href":"https:\/\/www.ifbaiano.edu.br\/unidades\/lapa\/wp-json\/wp\/v2\/posts\/6182\/revisions"}],"predecessor-version":[{"id":6236,"href":"https:\/\/www.ifbaiano.edu.br\/unidades\/lapa\/wp-json\/wp\/v2\/posts\/6182\/revisions\/6236"}],"wp:featuredmedia":[{"embeddable":true,"href":"https:\/\/www.ifbaiano.edu.br\/unidades\/lapa\/wp-json\/wp\/v2\/media\/6200"}],"wp:attachment":[{"href":"https:\/\/www.ifbaiano.edu.br\/unidades\/lapa\/wp-json\/wp\/v2\/media?parent=6182"}],"wp:term":[{"taxonomy":"category","embeddable":true,"href":"https:\/\/www.ifbaiano.edu.br\/unidades\/lapa\/wp-json\/wp\/v2\/categories?post=6182"},{"taxonomy":"post_tag","embeddable":true,"href":"https:\/\/www.ifbaiano.edu.br\/unidades\/lapa\/wp-json\/wp\/v2\/tags?post=6182"}],"curies":[{"name":"wp","href":"https:\/\/api.w.org\/{rel}","templated":true}]}}