{"id":6258,"date":"2016-06-09T00:09:22","date_gmt":"2016-06-09T02:09:22","guid":{"rendered":"http:\/\/www.ifbaiano.edu.br\/unidades\/lapa\/?p=6258"},"modified":"2016-06-09T00:09:22","modified_gmt":"2016-06-09T02:09:22","slug":"campus-bom-jesus-da-lapa-divulga-editais-de-selecao-de-monitores-de-ensino","status":"publish","type":"post","link":"https:\/\/www.ifbaiano.edu.br\/unidades\/lapa\/2016\/06\/09\/campus-bom-jesus-da-lapa-divulga-editais-de-selecao-de-monitores-de-ensino\/","title":{"rendered":"Campus Bom Jesus da Lapa divulga Editais de Sele\u00e7\u00e3o de Monitores de Ensino"},"content":{"rendered":"<p>A Dire\u00e7\u00e3o Geral do Campus Bom Jesus da Lapa torna p\u00fablico os Editais 03 e 04 de 08 de junho de 2016, que trata dos processos de sele\u00e7\u00e3o de monitores de ensino. As inscri\u00e7\u00f5es ser\u00e3o realizadas at\u00e9 o dia 13 de junho.<\/p>\n<p><!--more-->Para ter acesso aos editais e sistema de inscri\u00e7\u00e3o, <a href=\"http:\/\/www.ifbaiano.edu.br\/unidades\/lapa\/programa-de-monitoria-de-ensino\/\">ACESSE AQUI!<\/a><\/p>\n<p>&nbsp;<\/p>\n<p>Fonte: Dire\u00e7\u00e3o Acad\u00eamica<\/p>\n<p>&nbsp;<\/p>\n","protected":false},"excerpt":{"rendered":"<p>A Dire\u00e7\u00e3o Geral do Campus Bom Jesus da Lapa torna p\u00fablico os Editais 03 e 04 de 08 de junho de 2016, que trata dos processos de sele\u00e7\u00e3o de monitores de ensino. As inscri\u00e7\u00f5es ser\u00e3o realizadas at\u00e9 o dia 13 de junho.<\/p>\n","protected":false},"author":36,"featured_media":0,"comment_status":"open","ping_status":"open","sticky":false,"template":"","format":"standard","meta":[],"categories":[39],"tags":[],"_links":{"self":[{"href":"https:\/\/www.ifbaiano.edu.br\/unidades\/lapa\/wp-json\/wp\/v2\/posts\/6258"}],"collection":[{"href":"https:\/\/www.ifbaiano.edu.br\/unidades\/lapa\/wp-json\/wp\/v2\/posts"}],"about":[{"href":"https:\/\/www.ifbaiano.edu.br\/unidades\/lapa\/wp-json\/wp\/v2\/types\/post"}],"author":[{"embeddable":true,"href":"https:\/\/www.ifbaiano.edu.br\/unidades\/lapa\/wp-json\/wp\/v2\/users\/36"}],"replies":[{"embeddable":true,"href":"https:\/\/www.ifbaiano.edu.br\/unidades\/lapa\/wp-json\/wp\/v2\/comments?post=6258"}],"version-history":[{"count":2,"href":"https:\/\/www.ifbaiano.edu.br\/unidades\/lapa\/wp-json\/wp\/v2\/posts\/6258\/revisions"}],"predecessor-version":[{"id":6260,"href":"https:\/\/www.ifbaiano.edu.br\/unidades\/lapa\/wp-json\/wp\/v2\/posts\/6258\/revisions\/6260"}],"wp:attachment":[{"href":"https:\/\/www.ifbaiano.edu.br\/unidades\/lapa\/wp-json\/wp\/v2\/media?parent=6258"}],"wp:term":[{"taxonomy":"category","embeddable":true,"href":"https:\/\/www.ifbaiano.edu.br\/unidades\/lapa\/wp-json\/wp\/v2\/categories?post=6258"},{"taxonomy":"post_tag","embeddable":true,"href":"https:\/\/www.ifbaiano.edu.br\/unidades\/lapa\/wp-json\/wp\/v2\/tags?post=6258"}],"curies":[{"name":"wp","href":"https:\/\/api.w.org\/{rel}","templated":true}]}}