{"id":6336,"date":"2016-06-30T12:11:37","date_gmt":"2016-06-30T14:11:37","guid":{"rendered":"http:\/\/www.ifbaiano.edu.br\/unidades\/lapa\/?p=6336"},"modified":"2016-06-30T12:11:37","modified_gmt":"2016-06-30T14:11:37","slug":"2%c2%ba-concurso-de-redacao-da-defensoria-publica-da-uniao","status":"publish","type":"post","link":"https:\/\/www.ifbaiano.edu.br\/unidades\/lapa\/2016\/06\/30\/2%c2%ba-concurso-de-redacao-da-defensoria-publica-da-uniao\/","title":{"rendered":"2\u00ba Concurso de Reda\u00e7\u00e3o da Defensoria P\u00fablica da Uni\u00e3o"},"content":{"rendered":"<p>A Defensoria P\u00fablica da Uni\u00e3o lan\u00e7a em 2016 o 2\u00ba Concurso de Reda\u00e7\u00e3o, com o tema: &#8220;Tr\u00e1fico de Pessoas &#8211; Diga n\u00e3o! &#8220;, destinado \u00e0 participa\u00e7\u00e3o dos alunos das escolas p\u00fablicas de todo o pa\u00eds, estudantes do ensino fundamental (6\u00ba, 7\u00ba, 8\u00aa e 9\u00ba anos), ensino m\u00e9dio (1\u00ba, 2\u00ba e 3\u00ba anos) e das modalidades EJA (Ensino de Jovens e Adultos).<\/p>\n<p><a href=\"http:\/\/www.dpu.gov.br\/index.php?option=com_acymailing&amp;ctrl=archive&amp;task=view&amp;mailid=291&amp;key=mGoAraCT&amp;subid=106014-fqxw4skObKBplt&amp;tmpl=component\" target=\"_blank\">Acesse o site<\/a><\/p>\n","protected":false},"excerpt":{"rendered":"<p>A Defensoria P\u00fablica da Uni\u00e3o lan\u00e7a em 2016 o 2\u00ba Concurso de Reda\u00e7\u00e3o, com o tema: &#8220;Tr\u00e1fico de Pessoas &#8211; Diga n\u00e3o! &#8220;, destinado \u00e0 participa\u00e7\u00e3o dos alunos das escolas p\u00fablicas de todo o pa\u00eds, estudantes do ensino fundamental (6\u00ba, 7\u00ba, 8\u00aa e 9\u00ba anos), ensino m\u00e9dio (1\u00ba, 2\u00ba e 3\u00ba anos) e das modalidades [&hellip;]<\/p>\n","protected":false},"author":64,"featured_media":0,"comment_status":"open","ping_status":"open","sticky":false,"template":"","format":"standard","meta":[],"categories":[1],"tags":[],"_links":{"self":[{"href":"https:\/\/www.ifbaiano.edu.br\/unidades\/lapa\/wp-json\/wp\/v2\/posts\/6336"}],"collection":[{"href":"https:\/\/www.ifbaiano.edu.br\/unidades\/lapa\/wp-json\/wp\/v2\/posts"}],"about":[{"href":"https:\/\/www.ifbaiano.edu.br\/unidades\/lapa\/wp-json\/wp\/v2\/types\/post"}],"author":[{"embeddable":true,"href":"https:\/\/www.ifbaiano.edu.br\/unidades\/lapa\/wp-json\/wp\/v2\/users\/64"}],"replies":[{"embeddable":true,"href":"https:\/\/www.ifbaiano.edu.br\/unidades\/lapa\/wp-json\/wp\/v2\/comments?post=6336"}],"version-history":[{"count":2,"href":"https:\/\/www.ifbaiano.edu.br\/unidades\/lapa\/wp-json\/wp\/v2\/posts\/6336\/revisions"}],"predecessor-version":[{"id":6338,"href":"https:\/\/www.ifbaiano.edu.br\/unidades\/lapa\/wp-json\/wp\/v2\/posts\/6336\/revisions\/6338"}],"wp:attachment":[{"href":"https:\/\/www.ifbaiano.edu.br\/unidades\/lapa\/wp-json\/wp\/v2\/media?parent=6336"}],"wp:term":[{"taxonomy":"category","embeddable":true,"href":"https:\/\/www.ifbaiano.edu.br\/unidades\/lapa\/wp-json\/wp\/v2\/categories?post=6336"},{"taxonomy":"post_tag","embeddable":true,"href":"https:\/\/www.ifbaiano.edu.br\/unidades\/lapa\/wp-json\/wp\/v2\/tags?post=6336"}],"curies":[{"name":"wp","href":"https:\/\/api.w.org\/{rel}","templated":true}]}}