{"id":6346,"date":"2016-07-08T09:57:41","date_gmt":"2016-07-08T11:57:41","guid":{"rendered":"http:\/\/www.ifbaiano.edu.br\/unidades\/lapa\/?p=6346"},"modified":"2016-07-08T09:57:41","modified_gmt":"2016-07-08T11:57:41","slug":"matricula-dos-candidatos-para-as-vagas-do-curso-engenharia-agronomica-de-nosso-campus-atraves-do-sisu-22016","status":"publish","type":"post","link":"https:\/\/www.ifbaiano.edu.br\/unidades\/lapa\/2016\/07\/08\/matricula-dos-candidatos-para-as-vagas-do-curso-engenharia-agronomica-de-nosso-campus-atraves-do-sisu-22016\/","title":{"rendered":"Matr\u00edcula dos candidatos para as vagas do Curso Engenharia Agron\u00f4mica, de nosso Campus, atrav\u00e9s do SiSU 2\/2016."},"content":{"rendered":"<p>O IF Baiano est\u00e1 convocando candidatos da lista de espera do Sistema de Sele\u00e7\u00e3o Unificada (SiSU) 2016.2 para reuni\u00e3o sobre o preenchimento de vagas na institui\u00e7\u00e3o. Os candidatos dever\u00e3o comparecer \u00e0 Secretaria de Registros Acad\u00eamicos do Campus para o qual concorre a vaga.<\/p>\n<p><a href=\"http:\/\/ifbaiano.edu.br\/portal\/blog\/2016\/07\/07\/if-baiano-convoca-candidatos-da-lista-de-espera-do-sisu-2016-2\/\" target=\"_blank\">Clique e acesse.<\/a><\/p>\n","protected":false},"excerpt":{"rendered":"<p>O IF Baiano est\u00e1 convocando candidatos da lista de espera do Sistema de Sele\u00e7\u00e3o Unificada (SiSU) 2016.2 para reuni\u00e3o sobre o preenchimento de vagas na institui\u00e7\u00e3o. Os candidatos dever\u00e3o comparecer \u00e0 Secretaria de Registros Acad\u00eamicos do Campus para o qual concorre a vaga. Clique e acesse.<\/p>\n","protected":false},"author":64,"featured_media":0,"comment_status":"open","ping_status":"open","sticky":false,"template":"","format":"standard","meta":[],"categories":[1],"tags":[],"_links":{"self":[{"href":"https:\/\/www.ifbaiano.edu.br\/unidades\/lapa\/wp-json\/wp\/v2\/posts\/6346"}],"collection":[{"href":"https:\/\/www.ifbaiano.edu.br\/unidades\/lapa\/wp-json\/wp\/v2\/posts"}],"about":[{"href":"https:\/\/www.ifbaiano.edu.br\/unidades\/lapa\/wp-json\/wp\/v2\/types\/post"}],"author":[{"embeddable":true,"href":"https:\/\/www.ifbaiano.edu.br\/unidades\/lapa\/wp-json\/wp\/v2\/users\/64"}],"replies":[{"embeddable":true,"href":"https:\/\/www.ifbaiano.edu.br\/unidades\/lapa\/wp-json\/wp\/v2\/comments?post=6346"}],"version-history":[{"count":2,"href":"https:\/\/www.ifbaiano.edu.br\/unidades\/lapa\/wp-json\/wp\/v2\/posts\/6346\/revisions"}],"predecessor-version":[{"id":6348,"href":"https:\/\/www.ifbaiano.edu.br\/unidades\/lapa\/wp-json\/wp\/v2\/posts\/6346\/revisions\/6348"}],"wp:attachment":[{"href":"https:\/\/www.ifbaiano.edu.br\/unidades\/lapa\/wp-json\/wp\/v2\/media?parent=6346"}],"wp:term":[{"taxonomy":"category","embeddable":true,"href":"https:\/\/www.ifbaiano.edu.br\/unidades\/lapa\/wp-json\/wp\/v2\/categories?post=6346"},{"taxonomy":"post_tag","embeddable":true,"href":"https:\/\/www.ifbaiano.edu.br\/unidades\/lapa\/wp-json\/wp\/v2\/tags?post=6346"}],"curies":[{"name":"wp","href":"https:\/\/api.w.org\/{rel}","templated":true}]}}