{"id":6358,"date":"2016-07-12T02:04:01","date_gmt":"2016-07-12T04:04:01","guid":{"rendered":"http:\/\/www.ifbaiano.edu.br\/unidades\/lapa\/?p=6358"},"modified":"2016-07-14T17:28:57","modified_gmt":"2016-07-14T19:28:57","slug":"eleicao-do-conad-campus-convida-egressos-para-assembleia","status":"publish","type":"post","link":"https:\/\/www.ifbaiano.edu.br\/unidades\/lapa\/2016\/07\/12\/eleicao-do-conad-campus-convida-egressos-para-assembleia\/","title":{"rendered":"Elei\u00e7\u00e3o do CONAD: Campus convida Egressos para Assembl\u00e9ia"},"content":{"rendered":"<p>O IF Baiano &#8211; Campus Bom Jesus da Lapa est\u00e1 em processo eleitoral para a constitui\u00e7\u00e3o do seu Conselho de Administra\u00e7\u00e3o (CONAD), \u00f3rg\u00e3o m\u00e1ximo consultivo de cada Campus, de acordo com o Regimento da institui\u00e7\u00e3o.<\/p>\n<p><!--more--> Al\u00e9m de representantes da comunidade interna, o Conselho dever\u00e1 ser composto por 01 (um) representante dos pais ou respons\u00e1veis pelos estudantes, 01 (um) egresso (ex-aluno), e por 02 (dois) representantes da sociedade civil organizada ligada \u00e0s institui\u00e7\u00f5es educacionais. 2. Assim, est\u00e3o sendo convidados egressos para participar da assembleia eleitoral que acontecer\u00e1 no dia 14\/07\/2016 \u00e0s 14h no Audit\u00f3rio do IF Baiano \u2013 Campus Bom Jesus da Lapa, ocasi\u00e3o na qual ser\u00e1 escolhido 1(um) representante de egressos para compor o CONAD.<\/p>\n<p><a href=\"http:\/\/www.ifbaiano.edu.br\/unidades\/lapa\/files\/2016\/07\/circular.pdf\">\u00a0Confiram aqui o Of\u00edcio Circular 02\/2016 que trata da presente convocat\u00f3ria.<\/a><\/p>\n<p>&nbsp;<\/p>\n","protected":false},"excerpt":{"rendered":"<p>O IF Baiano &#8211; Campus Bom Jesus da Lapa est\u00e1 em processo eleitoral para a constitui\u00e7\u00e3o do seu Conselho de Administra\u00e7\u00e3o (CONAD), \u00f3rg\u00e3o m\u00e1ximo consultivo de cada Campus, de acordo com o Regimento da institui\u00e7\u00e3o.<\/p>\n","protected":false},"author":36,"featured_media":0,"comment_status":"open","ping_status":"open","sticky":false,"template":"","format":"standard","meta":[],"categories":[39],"tags":[],"_links":{"self":[{"href":"https:\/\/www.ifbaiano.edu.br\/unidades\/lapa\/wp-json\/wp\/v2\/posts\/6358"}],"collection":[{"href":"https:\/\/www.ifbaiano.edu.br\/unidades\/lapa\/wp-json\/wp\/v2\/posts"}],"about":[{"href":"https:\/\/www.ifbaiano.edu.br\/unidades\/lapa\/wp-json\/wp\/v2\/types\/post"}],"author":[{"embeddable":true,"href":"https:\/\/www.ifbaiano.edu.br\/unidades\/lapa\/wp-json\/wp\/v2\/users\/36"}],"replies":[{"embeddable":true,"href":"https:\/\/www.ifbaiano.edu.br\/unidades\/lapa\/wp-json\/wp\/v2\/comments?post=6358"}],"version-history":[{"count":4,"href":"https:\/\/www.ifbaiano.edu.br\/unidades\/lapa\/wp-json\/wp\/v2\/posts\/6358\/revisions"}],"predecessor-version":[{"id":6360,"href":"https:\/\/www.ifbaiano.edu.br\/unidades\/lapa\/wp-json\/wp\/v2\/posts\/6358\/revisions\/6360"}],"wp:attachment":[{"href":"https:\/\/www.ifbaiano.edu.br\/unidades\/lapa\/wp-json\/wp\/v2\/media?parent=6358"}],"wp:term":[{"taxonomy":"category","embeddable":true,"href":"https:\/\/www.ifbaiano.edu.br\/unidades\/lapa\/wp-json\/wp\/v2\/categories?post=6358"},{"taxonomy":"post_tag","embeddable":true,"href":"https:\/\/www.ifbaiano.edu.br\/unidades\/lapa\/wp-json\/wp\/v2\/tags?post=6358"}],"curies":[{"name":"wp","href":"https:\/\/api.w.org\/{rel}","templated":true}]}}