{"id":6389,"date":"2016-07-14T17:32:29","date_gmt":"2016-07-14T19:32:29","guid":{"rendered":"http:\/\/www.ifbaiano.edu.br\/unidades\/lapa\/?p=6389"},"modified":"2016-07-20T17:27:12","modified_gmt":"2016-07-20T19:27:12","slug":"homologado-o-resultado-final-da-eleicao-do-conad","status":"publish","type":"post","link":"https:\/\/www.ifbaiano.edu.br\/unidades\/lapa\/2016\/07\/14\/homologado-o-resultado-final-da-eleicao-do-conad\/","title":{"rendered":"Homologado o Resultado Final da Elei\u00e7\u00e3o do CONAD"},"content":{"rendered":"<p>A <strong>Comiss\u00e3o Eleitoral<\/strong> <strong>torna p\u00fablico o<\/strong> <strong>resultado final das elei\u00e7\u00f5es do CONAD<\/strong>, realizada no dia 13\/07, nas depend\u00eancias deste Campus.<\/p>\n<p><em>Ressalto que os candidatos tem at\u00e9 as 16:00 horas do dia 15\/07 para a interposi\u00e7\u00e3o de recurso.<\/em><\/p>\n<p><a title=\"Homologa\u00e7\u00e3o do Resultado Final da Elei\u00e7\u00e3o do CONAD\" href=\"http:\/\/www.ifbaiano.edu.br\/unidades\/lapa\/files\/2016\/07\/HOMOLOGA\u00c7\u00c3O-DO-RESULTADO-CONAD-LAPA-2016.pdf\" target=\"_blank\">ACESSE AQUI O RESULTADO FINAL!<\/a><\/p>\n<p><strong>Fonte:<\/strong> A Comiss\u00e3o<\/p>\n<hr \/>\n","protected":false},"excerpt":{"rendered":"<p>A Comiss\u00e3o Eleitoral torna p\u00fablico o resultado final das elei\u00e7\u00f5es do CONAD, realizada no dia 13\/07, nas depend\u00eancias deste Campus. Ressalto que os candidatos tem at\u00e9 as 16:00 horas do dia 15\/07 para a interposi\u00e7\u00e3o de recurso. ACESSE AQUI O RESULTADO FINAL! Fonte: A Comiss\u00e3o<\/p>\n","protected":false},"author":65,"featured_media":0,"comment_status":"open","ping_status":"open","sticky":false,"template":"","format":"standard","meta":[],"categories":[39],"tags":[],"_links":{"self":[{"href":"https:\/\/www.ifbaiano.edu.br\/unidades\/lapa\/wp-json\/wp\/v2\/posts\/6389"}],"collection":[{"href":"https:\/\/www.ifbaiano.edu.br\/unidades\/lapa\/wp-json\/wp\/v2\/posts"}],"about":[{"href":"https:\/\/www.ifbaiano.edu.br\/unidades\/lapa\/wp-json\/wp\/v2\/types\/post"}],"author":[{"embeddable":true,"href":"https:\/\/www.ifbaiano.edu.br\/unidades\/lapa\/wp-json\/wp\/v2\/users\/65"}],"replies":[{"embeddable":true,"href":"https:\/\/www.ifbaiano.edu.br\/unidades\/lapa\/wp-json\/wp\/v2\/comments?post=6389"}],"version-history":[{"count":10,"href":"https:\/\/www.ifbaiano.edu.br\/unidades\/lapa\/wp-json\/wp\/v2\/posts\/6389\/revisions"}],"predecessor-version":[{"id":6400,"href":"https:\/\/www.ifbaiano.edu.br\/unidades\/lapa\/wp-json\/wp\/v2\/posts\/6389\/revisions\/6400"}],"wp:attachment":[{"href":"https:\/\/www.ifbaiano.edu.br\/unidades\/lapa\/wp-json\/wp\/v2\/media?parent=6389"}],"wp:term":[{"taxonomy":"category","embeddable":true,"href":"https:\/\/www.ifbaiano.edu.br\/unidades\/lapa\/wp-json\/wp\/v2\/categories?post=6389"},{"taxonomy":"post_tag","embeddable":true,"href":"https:\/\/www.ifbaiano.edu.br\/unidades\/lapa\/wp-json\/wp\/v2\/tags?post=6389"}],"curies":[{"name":"wp","href":"https:\/\/api.w.org\/{rel}","templated":true}]}}