{"id":6404,"date":"2016-07-20T17:26:51","date_gmt":"2016-07-20T19:26:51","guid":{"rendered":"http:\/\/www.ifbaiano.edu.br\/unidades\/lapa\/?p=6404"},"modified":"2016-07-29T15:16:03","modified_gmt":"2016-07-29T17:16:03","slug":"homologado-o-resultado-final-definitivo-da-eleicao-do-conad","status":"publish","type":"post","link":"https:\/\/www.ifbaiano.edu.br\/unidades\/lapa\/2016\/07\/20\/homologado-o-resultado-final-definitivo-da-eleicao-do-conad\/","title":{"rendered":"Homologado o Resultado Final Definitivo da Elei\u00e7\u00e3o do CONAD"},"content":{"rendered":"<p>A <strong>Comiss\u00e3o Eleitoral<\/strong> <strong>torna p\u00fablico o<\/strong> <strong>resultado final definitivo das elei\u00e7\u00f5es do CONAD<\/strong>, realizada no dia 13\/07, nas depend\u00eancias deste Campus.<\/p>\n<p><a title=\"Homologa\u00e7\u00e3o do Resultado Final Definitivo da Elei\u00e7\u00e3o do CONAD\" href=\"http:\/\/www.ifbaiano.edu.br\/unidades\/lapa\/files\/2016\/07\/HOMOLOGA\u00c7\u00c3O-DO-RESULTADO-FINAL-CONAD-LAPA-2016.pdf\" target=\"_blank\">ACESSE AQUI O RESULTADO FINAL!<\/a><\/p>\n<p><strong>Fonte:<\/strong> A Comiss\u00e3o<\/p>\n<hr \/>\n","protected":false},"excerpt":{"rendered":"<p>A Comiss\u00e3o Eleitoral torna p\u00fablico o resultado final definitivo das elei\u00e7\u00f5es do CONAD, realizada no dia 13\/07, nas depend\u00eancias deste Campus. ACESSE AQUI O RESULTADO FINAL! Fonte: A Comiss\u00e3o<\/p>\n","protected":false},"author":65,"featured_media":0,"comment_status":"open","ping_status":"open","sticky":false,"template":"","format":"standard","meta":[],"categories":[26,24],"tags":[],"_links":{"self":[{"href":"https:\/\/www.ifbaiano.edu.br\/unidades\/lapa\/wp-json\/wp\/v2\/posts\/6404"}],"collection":[{"href":"https:\/\/www.ifbaiano.edu.br\/unidades\/lapa\/wp-json\/wp\/v2\/posts"}],"about":[{"href":"https:\/\/www.ifbaiano.edu.br\/unidades\/lapa\/wp-json\/wp\/v2\/types\/post"}],"author":[{"embeddable":true,"href":"https:\/\/www.ifbaiano.edu.br\/unidades\/lapa\/wp-json\/wp\/v2\/users\/65"}],"replies":[{"embeddable":true,"href":"https:\/\/www.ifbaiano.edu.br\/unidades\/lapa\/wp-json\/wp\/v2\/comments?post=6404"}],"version-history":[{"count":5,"href":"https:\/\/www.ifbaiano.edu.br\/unidades\/lapa\/wp-json\/wp\/v2\/posts\/6404\/revisions"}],"predecessor-version":[{"id":6410,"href":"https:\/\/www.ifbaiano.edu.br\/unidades\/lapa\/wp-json\/wp\/v2\/posts\/6404\/revisions\/6410"}],"wp:attachment":[{"href":"https:\/\/www.ifbaiano.edu.br\/unidades\/lapa\/wp-json\/wp\/v2\/media?parent=6404"}],"wp:term":[{"taxonomy":"category","embeddable":true,"href":"https:\/\/www.ifbaiano.edu.br\/unidades\/lapa\/wp-json\/wp\/v2\/categories?post=6404"},{"taxonomy":"post_tag","embeddable":true,"href":"https:\/\/www.ifbaiano.edu.br\/unidades\/lapa\/wp-json\/wp\/v2\/tags?post=6404"}],"curies":[{"name":"wp","href":"https:\/\/api.w.org\/{rel}","templated":true}]}}