{"id":6412,"date":"2016-07-20T17:49:50","date_gmt":"2016-07-20T19:49:50","guid":{"rendered":"http:\/\/www.ifbaiano.edu.br\/unidades\/lapa\/?p=6412"},"modified":"2016-07-20T17:55:01","modified_gmt":"2016-07-20T19:55:01","slug":"a-direcao-geral-torna-publica-a-portaria-n%c2%ba-55-padroes-de-vestimentas-no-curso-superior","status":"publish","type":"post","link":"https:\/\/www.ifbaiano.edu.br\/unidades\/lapa\/2016\/07\/20\/a-direcao-geral-torna-publica-a-portaria-n%c2%ba-55-padroes-de-vestimentas-no-curso-superior\/","title":{"rendered":"A Dire\u00e7\u00e3o Geral torna p\u00fablica a Portaria n\u00ba 55 &#8211; Padr\u00f5es de Vestimentas no Curso Superior"},"content":{"rendered":"<p style=\"text-align: justify\"><strong>A Dire\u00e7\u00e3o Geral<\/strong> do Campus Bom Jesus da Lapa, juntamente com<strong> a Diretoria Acad\u00eamica<\/strong> <strong>e representantes dos discentes do Curso Superior de Bacharelado em Engenharia Agron\u00f4mica<\/strong>, em comum acordo, <strong>deliberaram sobre os padr\u00f5es de vestimentas no \u00e2mbito do curso superior<\/strong>.<\/p>\n<p style=\"text-align: justify\">Outrossim, <em>fruto dessa discuss\u00e3o, <\/em><strong>torna-se p\u00fablica a PORTARIA N\u00b0 055<\/strong> de 20 de julho de 2016 &#8211; PADRONIZA\u00c7\u00c3O DE VESTIMENTAS.<\/p>\n<p>Acesse aqui: <a title=\"PORTARIA N\u00b0 055, 20 de julho de 2016 - PADRONIZA\u00c7\u00c3O DE VESTIMENTAS\" href=\"http:\/\/www.ifbaiano.edu.br\/unidades\/lapa\/files\/2016\/07\/PORTARIA-N\u00b0-055-20-de-julho-de-2016-PADRONIZA\u00c7\u00c3O-DE-VESTIMENTAS.pdf\" target=\"_blank\">PORTARIA N\u00b0 055 de 20 de julho de 2016<\/a>.<\/p>\n<p><strong>Fonte:<\/strong> Dire\u00e7\u00e3o Geral<\/p>\n<hr \/>\n","protected":false},"excerpt":{"rendered":"<p>A Dire\u00e7\u00e3o Geral do Campus Bom Jesus da Lapa, juntamente com a Diretoria Acad\u00eamica e representantes dos discentes do Curso Superior de Bacharelado em Engenharia Agron\u00f4mica, em comum acordo, deliberaram sobre os padr\u00f5es de vestimentas no \u00e2mbito do curso superior. Outrossim, fruto dessa discuss\u00e3o, torna-se p\u00fablica a PORTARIA N\u00b0 055 de 20 de julho de [&hellip;]<\/p>\n","protected":false},"author":65,"featured_media":0,"comment_status":"open","ping_status":"open","sticky":false,"template":"","format":"standard","meta":[],"categories":[39,26,24],"tags":[],"_links":{"self":[{"href":"https:\/\/www.ifbaiano.edu.br\/unidades\/lapa\/wp-json\/wp\/v2\/posts\/6412"}],"collection":[{"href":"https:\/\/www.ifbaiano.edu.br\/unidades\/lapa\/wp-json\/wp\/v2\/posts"}],"about":[{"href":"https:\/\/www.ifbaiano.edu.br\/unidades\/lapa\/wp-json\/wp\/v2\/types\/post"}],"author":[{"embeddable":true,"href":"https:\/\/www.ifbaiano.edu.br\/unidades\/lapa\/wp-json\/wp\/v2\/users\/65"}],"replies":[{"embeddable":true,"href":"https:\/\/www.ifbaiano.edu.br\/unidades\/lapa\/wp-json\/wp\/v2\/comments?post=6412"}],"version-history":[{"count":6,"href":"https:\/\/www.ifbaiano.edu.br\/unidades\/lapa\/wp-json\/wp\/v2\/posts\/6412\/revisions"}],"predecessor-version":[{"id":6417,"href":"https:\/\/www.ifbaiano.edu.br\/unidades\/lapa\/wp-json\/wp\/v2\/posts\/6412\/revisions\/6417"}],"wp:attachment":[{"href":"https:\/\/www.ifbaiano.edu.br\/unidades\/lapa\/wp-json\/wp\/v2\/media?parent=6412"}],"wp:term":[{"taxonomy":"category","embeddable":true,"href":"https:\/\/www.ifbaiano.edu.br\/unidades\/lapa\/wp-json\/wp\/v2\/categories?post=6412"},{"taxonomy":"post_tag","embeddable":true,"href":"https:\/\/www.ifbaiano.edu.br\/unidades\/lapa\/wp-json\/wp\/v2\/tags?post=6412"}],"curies":[{"name":"wp","href":"https:\/\/api.w.org\/{rel}","templated":true}]}}