{"id":6453,"date":"2016-07-28T21:38:39","date_gmt":"2016-07-28T23:38:39","guid":{"rendered":"http:\/\/www.ifbaiano.edu.br\/unidades\/lapa\/?p=6453"},"modified":"2016-08-02T21:23:47","modified_gmt":"2016-08-02T23:23:47","slug":"publicado-selecao-de-estudantes-da-especializacao-em-educacao-do-campo","status":"publish","type":"post","link":"https:\/\/www.ifbaiano.edu.br\/unidades\/lapa\/2016\/07\/28\/publicado-selecao-de-estudantes-da-especializacao-em-educacao-do-campo\/","title":{"rendered":"Publicado Edital de Sele\u00e7\u00e3o de Estudantes da Especializa\u00e7\u00e3o em Educa\u00e7\u00e3o do Campo"},"content":{"rendered":"<p>O Reitor do Instituto Federal Baiano torna p\u00fablico o Edital PROPES 04\/2016, que trata de processo seletivo para a Especializa\u00e7\u00e3o em Educa\u00e7\u00e3o do Campo, a ser ofertada no Campus Bom Jesus da Lapa.<\/p>\n<p><!--more--><\/p>\n<p><a href=\"http:\/\/www.ifbaiano.edu.br\/unidades\/lapa\/selecao-de-estudantes\/\">Acessem aqui a p\u00e1gina do concurso com o respectivo Edital.<\/a><\/p>\n<p><a href=\"https:\/\/docs.google.com\/forms\/d\/1txtx8tm_ybDvYXntzimaxA2a1zo11ZFD2Lp6ao_3UbU\/edit?ts=57a12871\">Sistema de Inscri\u00e7\u00e3o\u00a0<\/a><\/p>\n<p><strong>Fonte:<\/strong> Diretoria Acad\u00eamica &#8211; Campus Bom Jesus da Lapa<\/p>\n<p>&nbsp;<\/p>\n<p>&nbsp;<\/p>\n","protected":false},"excerpt":{"rendered":"<p>O Reitor do Instituto Federal Baiano torna p\u00fablico o Edital PROPES 04\/2016, que trata de processo seletivo para a Especializa\u00e7\u00e3o em Educa\u00e7\u00e3o do Campo, a ser ofertada no Campus Bom Jesus da Lapa.<\/p>\n","protected":false},"author":36,"featured_media":0,"comment_status":"open","ping_status":"open","sticky":false,"template":"","format":"standard","meta":[],"categories":[24],"tags":[],"_links":{"self":[{"href":"https:\/\/www.ifbaiano.edu.br\/unidades\/lapa\/wp-json\/wp\/v2\/posts\/6453"}],"collection":[{"href":"https:\/\/www.ifbaiano.edu.br\/unidades\/lapa\/wp-json\/wp\/v2\/posts"}],"about":[{"href":"https:\/\/www.ifbaiano.edu.br\/unidades\/lapa\/wp-json\/wp\/v2\/types\/post"}],"author":[{"embeddable":true,"href":"https:\/\/www.ifbaiano.edu.br\/unidades\/lapa\/wp-json\/wp\/v2\/users\/36"}],"replies":[{"embeddable":true,"href":"https:\/\/www.ifbaiano.edu.br\/unidades\/lapa\/wp-json\/wp\/v2\/comments?post=6453"}],"version-history":[{"count":7,"href":"https:\/\/www.ifbaiano.edu.br\/unidades\/lapa\/wp-json\/wp\/v2\/posts\/6453\/revisions"}],"predecessor-version":[{"id":6455,"href":"https:\/\/www.ifbaiano.edu.br\/unidades\/lapa\/wp-json\/wp\/v2\/posts\/6453\/revisions\/6455"}],"wp:attachment":[{"href":"https:\/\/www.ifbaiano.edu.br\/unidades\/lapa\/wp-json\/wp\/v2\/media?parent=6453"}],"wp:term":[{"taxonomy":"category","embeddable":true,"href":"https:\/\/www.ifbaiano.edu.br\/unidades\/lapa\/wp-json\/wp\/v2\/categories?post=6453"},{"taxonomy":"post_tag","embeddable":true,"href":"https:\/\/www.ifbaiano.edu.br\/unidades\/lapa\/wp-json\/wp\/v2\/tags?post=6453"}],"curies":[{"name":"wp","href":"https:\/\/api.w.org\/{rel}","templated":true}]}}