{"id":6479,"date":"2016-08-04T10:06:15","date_gmt":"2016-08-04T12:06:15","guid":{"rendered":"http:\/\/www.ifbaiano.edu.br\/unidades\/lapa\/?p=6479"},"modified":"2016-08-12T15:32:01","modified_gmt":"2016-08-12T17:32:01","slug":"selecao-de-alunos-servidores-e-comunidade-externa-para-atividades-de-educacao-musical","status":"publish","type":"post","link":"https:\/\/www.ifbaiano.edu.br\/unidades\/lapa\/2016\/08\/04\/selecao-de-alunos-servidores-e-comunidade-externa-para-atividades-de-educacao-musical\/","title":{"rendered":"Sele\u00e7\u00e3o de alunos, servidores e comunidade externa para atividades de Educa\u00e7\u00e3o Musical"},"content":{"rendered":"<p style=\"text-align: justify\">O campus Bom Jesus da Lapa abre <strong>sele\u00e7\u00e3o para alunos, servidores e\u00a0comunidade externa para atividades de M\u00fasica<\/strong>, o presente edital ser\u00e1 para o preenchimento de at\u00e9 <strong>98 vagas no projeto de Educa\u00e7\u00e3o Musical<\/strong>, onde ser\u00e3o disponibilizadas <strong>atividades de Canto Coral, Inicia\u00e7\u00e3o Musical com Flauta Doce, Viol\u00e3o Popular e Piano\/Teclado<\/strong>.<\/p>\n<p style=\"padding-left: 30px\"><strong>As inscri\u00e7\u00f5es estar\u00e3o abertas de 03\/08 a 09\/08.<\/strong><\/p>\n<p style=\"padding-left: 30px\"><a title=\"Edital Educa\u00e7\u00e3o Musical 2016\" href=\"http:\/\/www.ifbaiano.edu.br\/unidades\/lapa\/files\/2016\/08\/Edital-Interno-06-2016.pdf\" target=\"_blank\"><strong>LEIA O EDITAL AQUI!!!<\/strong><\/a><\/p>\n<p style=\"padding-left: 30px\"><a title=\"Formul\u00e1rio de Inscri\u00e7\u00e3o Educa\u00e7\u00e3o Musical 2016\" href=\"https:\/\/goo.gl\/forms\/fmHI1u6DWXhK1sSt2\" target=\"_blank\">Acesse o formul\u00e1rio de inscri\u00e7\u00e3o aqui!!!<\/a><\/p>\n<p style=\"padding-left: 30px\"><strong>Fonte:<\/strong> Vasni Filho &#8211; Professor de M\u00fasica (vasni.filho@lapa.ifbaiano.edu.br)<\/p>\n<p style=\"padding-left: 30px;text-align: center\"><a href=\"https:\/\/goo.gl\/forms\/fmHI1u6DWXhK1sSt2\" target=\"_blank\"><img decoding=\"async\" loading=\"lazy\" class=\"size-full wp-image-6477 aligncenter\" src=\"http:\/\/www.ifbaiano.edu.br\/unidades\/lapa\/files\/2016\/08\/cartaz-inscri\u00e7\u00f5es-m\u00fasica-2016.jpg\" alt=\"\" width=\"504\" height=\"663\" \/><\/a><strong><\/strong><\/p>\n","protected":false},"excerpt":{"rendered":"<p>O campus Bom Jesus da Lapa abre sele\u00e7\u00e3o para alunos, servidores e\u00a0comunidade externa para atividades de M\u00fasica, o presente edital ser\u00e1 para o preenchimento de at\u00e9 98 vagas no projeto de Educa\u00e7\u00e3o Musical, onde ser\u00e3o disponibilizadas atividades de Canto Coral, Inicia\u00e7\u00e3o Musical com Flauta Doce, Viol\u00e3o Popular e Piano\/Teclado. As inscri\u00e7\u00f5es estar\u00e3o abertas de 03\/08 [&hellip;]<\/p>\n","protected":false},"author":65,"featured_media":6477,"comment_status":"open","ping_status":"open","sticky":false,"template":"","format":"standard","meta":[],"categories":[24],"tags":[],"_links":{"self":[{"href":"https:\/\/www.ifbaiano.edu.br\/unidades\/lapa\/wp-json\/wp\/v2\/posts\/6479"}],"collection":[{"href":"https:\/\/www.ifbaiano.edu.br\/unidades\/lapa\/wp-json\/wp\/v2\/posts"}],"about":[{"href":"https:\/\/www.ifbaiano.edu.br\/unidades\/lapa\/wp-json\/wp\/v2\/types\/post"}],"author":[{"embeddable":true,"href":"https:\/\/www.ifbaiano.edu.br\/unidades\/lapa\/wp-json\/wp\/v2\/users\/65"}],"replies":[{"embeddable":true,"href":"https:\/\/www.ifbaiano.edu.br\/unidades\/lapa\/wp-json\/wp\/v2\/comments?post=6479"}],"version-history":[{"count":13,"href":"https:\/\/www.ifbaiano.edu.br\/unidades\/lapa\/wp-json\/wp\/v2\/posts\/6479\/revisions"}],"predecessor-version":[{"id":6484,"href":"https:\/\/www.ifbaiano.edu.br\/unidades\/lapa\/wp-json\/wp\/v2\/posts\/6479\/revisions\/6484"}],"wp:featuredmedia":[{"embeddable":true,"href":"https:\/\/www.ifbaiano.edu.br\/unidades\/lapa\/wp-json\/wp\/v2\/media\/6477"}],"wp:attachment":[{"href":"https:\/\/www.ifbaiano.edu.br\/unidades\/lapa\/wp-json\/wp\/v2\/media?parent=6479"}],"wp:term":[{"taxonomy":"category","embeddable":true,"href":"https:\/\/www.ifbaiano.edu.br\/unidades\/lapa\/wp-json\/wp\/v2\/categories?post=6479"},{"taxonomy":"post_tag","embeddable":true,"href":"https:\/\/www.ifbaiano.edu.br\/unidades\/lapa\/wp-json\/wp\/v2\/tags?post=6479"}],"curies":[{"name":"wp","href":"https:\/\/api.w.org\/{rel}","templated":true}]}}