{"id":6502,"date":"2016-08-10T11:41:44","date_gmt":"2016-08-10T13:41:44","guid":{"rendered":"http:\/\/www.ifbaiano.edu.br\/unidades\/lapa\/?p=6502"},"modified":"2016-08-10T21:04:46","modified_gmt":"2016-08-10T23:04:46","slug":"publicada-retificacao-ao-edital-propes-042016","status":"publish","type":"post","link":"https:\/\/www.ifbaiano.edu.br\/unidades\/lapa\/2016\/08\/10\/publicada-retificacao-ao-edital-propes-042016\/","title":{"rendered":"Publicada retifica\u00e7\u00e3o ao Edital Propes 04\/2016"},"content":{"rendered":"<p>Comunicamos que foi publicada em nosso site retifica\u00e7\u00e3o ao Edital 04\/2016, que trata da sele\u00e7\u00e3o de estudantes para a Especializa\u00e7\u00e3o em Educa\u00e7\u00e3o do Campo. \u00a0A retifica\u00e7\u00e3o trata do item que disp\u00f5e sobre o p\u00fablico alvo. Poder\u00e3o se inscrever, al\u00e9m de docentes das escolas do campo e estudantes do \u00faltimo semestre, profissionais graduados em geral.<\/p>\n<p><a href=\"http:\/\/www.ifbaiano.edu.br\/unidades\/lapa\/files\/2016\/07\/Errata-01-20161.pdf\">ACESSEM AQUI A RETIFICA\u00c7\u00c3O<\/a><\/p>\n<p>&nbsp;<\/p>\n","protected":false},"excerpt":{"rendered":"<p>Comunicamos que foi publicada em nosso site retifica\u00e7\u00e3o ao Edital 04\/2016, que trata da sele\u00e7\u00e3o de estudantes para a Especializa\u00e7\u00e3o em Educa\u00e7\u00e3o do Campo. \u00a0A retifica\u00e7\u00e3o trata do item que disp\u00f5e sobre o p\u00fablico alvo. Poder\u00e3o se inscrever, al\u00e9m de docentes das escolas do campo e estudantes do \u00faltimo semestre, profissionais graduados em geral. ACESSEM [&hellip;]<\/p>\n","protected":false},"author":36,"featured_media":0,"comment_status":"open","ping_status":"open","sticky":false,"template":"","format":"standard","meta":[],"categories":[1],"tags":[],"_links":{"self":[{"href":"https:\/\/www.ifbaiano.edu.br\/unidades\/lapa\/wp-json\/wp\/v2\/posts\/6502"}],"collection":[{"href":"https:\/\/www.ifbaiano.edu.br\/unidades\/lapa\/wp-json\/wp\/v2\/posts"}],"about":[{"href":"https:\/\/www.ifbaiano.edu.br\/unidades\/lapa\/wp-json\/wp\/v2\/types\/post"}],"author":[{"embeddable":true,"href":"https:\/\/www.ifbaiano.edu.br\/unidades\/lapa\/wp-json\/wp\/v2\/users\/36"}],"replies":[{"embeddable":true,"href":"https:\/\/www.ifbaiano.edu.br\/unidades\/lapa\/wp-json\/wp\/v2\/comments?post=6502"}],"version-history":[{"count":3,"href":"https:\/\/www.ifbaiano.edu.br\/unidades\/lapa\/wp-json\/wp\/v2\/posts\/6502\/revisions"}],"predecessor-version":[{"id":6504,"href":"https:\/\/www.ifbaiano.edu.br\/unidades\/lapa\/wp-json\/wp\/v2\/posts\/6502\/revisions\/6504"}],"wp:attachment":[{"href":"https:\/\/www.ifbaiano.edu.br\/unidades\/lapa\/wp-json\/wp\/v2\/media?parent=6502"}],"wp:term":[{"taxonomy":"category","embeddable":true,"href":"https:\/\/www.ifbaiano.edu.br\/unidades\/lapa\/wp-json\/wp\/v2\/categories?post=6502"},{"taxonomy":"post_tag","embeddable":true,"href":"https:\/\/www.ifbaiano.edu.br\/unidades\/lapa\/wp-json\/wp\/v2\/tags?post=6502"}],"curies":[{"name":"wp","href":"https:\/\/api.w.org\/{rel}","templated":true}]}}