{"id":6540,"date":"2016-08-16T16:10:00","date_gmt":"2016-08-16T18:10:00","guid":{"rendered":"http:\/\/www.ifbaiano.edu.br\/unidades\/lapa\/?p=6540"},"modified":"2016-08-16T16:17:44","modified_gmt":"2016-08-16T18:17:44","slug":"publicado-o-resultado-do-processo-seletivo-para-atividades-de-educacao-musical","status":"publish","type":"post","link":"https:\/\/www.ifbaiano.edu.br\/unidades\/lapa\/2016\/08\/16\/publicado-o-resultado-do-processo-seletivo-para-atividades-de-educacao-musical\/","title":{"rendered":"Publicado o Resultado do Processo Seletivo para Atividades de Educa\u00e7\u00e3o Musical"},"content":{"rendered":"<p>O campus Bom Jesus da Lapa divulga <strong>o resultado da sele\u00e7\u00e3o do<\/strong><strong> projeto de Educa\u00e7\u00e3o Musical<\/strong>. Foram disponibilizadas vagas para <strong>atividades de Canto Coral, Inicia\u00e7\u00e3o Musical com Flauta Doce, Viol\u00e3o Popular e Piano\/Teclado<\/strong>.<\/p>\n<p><strong>VEJA AQUI OS RESULTADOS PARA CADA CATEGORIA:<\/strong><\/p>\n<ul>\n<ul>\n<li><strong><\/strong><a title=\"Canto Coral\" href=\"http:\/\/www.ifbaiano.edu.br\/unidades\/lapa\/files\/2016\/08\/Publica\u00e7\u00e3o-Inscritos-Canto-Coral.pdf\" target=\"_blank\">Inscritos em Canto Coral<\/a><\/li>\n<li><a title=\"Flauta Doce\" href=\"http:\/\/www.ifbaiano.edu.br\/unidades\/lapa\/files\/2016\/08\/Publica\u00e7\u00e3o-Inscritos-Inicia\u00e7\u00e3o-Flauta.pdf\" target=\"_blank\">Inscritos em Inicia\u00e7\u00e3o Flauta Doce<\/a><\/li>\n<li><a title=\"Viol\u00e3o Popular\" href=\"http:\/\/www.ifbaiano.edu.br\/unidades\/lapa\/files\/2016\/08\/Publica\u00e7\u00e3o-Resultado-Viol\u00e3o-Popular.pdf\" target=\"_blank\">Selecionados Viol\u00e3o Popular<\/a><\/li>\n<li><a title=\"Piano e Teclado\" href=\"http:\/\/www.ifbaiano.edu.br\/unidades\/lapa\/files\/2016\/08\/Publica\u00e7\u00e3o-de-Resultado-PianoTeclado.pdf\" target=\"_blank\">Selecionados Piano\/Teclado<\/a><\/li>\n<\/ul>\n<\/ul>\n<p><strong>Fonte:<\/strong> Vasni Filho &#8211; Professor de M\u00fasica (vasni.filho@lapa.ifbaiano.edu.br)<\/p>\n<hr \/>\n","protected":false},"excerpt":{"rendered":"<p>O campus Bom Jesus da Lapa divulga o resultado da sele\u00e7\u00e3o do projeto de Educa\u00e7\u00e3o Musical. Foram disponibilizadas vagas para atividades de Canto Coral, Inicia\u00e7\u00e3o Musical com Flauta Doce, Viol\u00e3o Popular e Piano\/Teclado. VEJA AQUI OS RESULTADOS PARA CADA CATEGORIA: Inscritos em Canto Coral Inscritos em Inicia\u00e7\u00e3o Flauta Doce Selecionados Viol\u00e3o Popular Selecionados Piano\/Teclado Fonte: [&hellip;]<\/p>\n","protected":false},"author":65,"featured_media":0,"comment_status":"open","ping_status":"open","sticky":false,"template":"","format":"standard","meta":[],"categories":[24],"tags":[],"_links":{"self":[{"href":"https:\/\/www.ifbaiano.edu.br\/unidades\/lapa\/wp-json\/wp\/v2\/posts\/6540"}],"collection":[{"href":"https:\/\/www.ifbaiano.edu.br\/unidades\/lapa\/wp-json\/wp\/v2\/posts"}],"about":[{"href":"https:\/\/www.ifbaiano.edu.br\/unidades\/lapa\/wp-json\/wp\/v2\/types\/post"}],"author":[{"embeddable":true,"href":"https:\/\/www.ifbaiano.edu.br\/unidades\/lapa\/wp-json\/wp\/v2\/users\/65"}],"replies":[{"embeddable":true,"href":"https:\/\/www.ifbaiano.edu.br\/unidades\/lapa\/wp-json\/wp\/v2\/comments?post=6540"}],"version-history":[{"count":8,"href":"https:\/\/www.ifbaiano.edu.br\/unidades\/lapa\/wp-json\/wp\/v2\/posts\/6540\/revisions"}],"predecessor-version":[{"id":6549,"href":"https:\/\/www.ifbaiano.edu.br\/unidades\/lapa\/wp-json\/wp\/v2\/posts\/6540\/revisions\/6549"}],"wp:attachment":[{"href":"https:\/\/www.ifbaiano.edu.br\/unidades\/lapa\/wp-json\/wp\/v2\/media?parent=6540"}],"wp:term":[{"taxonomy":"category","embeddable":true,"href":"https:\/\/www.ifbaiano.edu.br\/unidades\/lapa\/wp-json\/wp\/v2\/categories?post=6540"},{"taxonomy":"post_tag","embeddable":true,"href":"https:\/\/www.ifbaiano.edu.br\/unidades\/lapa\/wp-json\/wp\/v2\/tags?post=6540"}],"curies":[{"name":"wp","href":"https:\/\/api.w.org\/{rel}","templated":true}]}}