{"id":6595,"date":"2016-08-22T11:28:57","date_gmt":"2016-08-22T13:28:57","guid":{"rendered":"http:\/\/www.ifbaiano.edu.br\/unidades\/lapa\/?p=6595"},"modified":"2016-08-22T19:44:26","modified_gmt":"2016-08-22T21:44:26","slug":"prorrogadas-as-inscricoes-da-especializacao-em-educacao","status":"publish","type":"post","link":"https:\/\/www.ifbaiano.edu.br\/unidades\/lapa\/2016\/08\/22\/prorrogadas-as-inscricoes-da-especializacao-em-educacao\/","title":{"rendered":"Prorrogadas as inscri\u00e7\u00f5es da Especializa\u00e7\u00e3o em Educa\u00e7\u00e3o do Campo"},"content":{"rendered":"<p>A Dire\u00e7\u00e3o Geral do Campus Bom Jesus da Lapa comunica que as inscri\u00e7\u00f5es para a especializa\u00e7\u00e3o em Educa\u00e7\u00e3o do Campo ficam prorrogadas at\u00e9 o dia 24 de agosto de 2016.<\/p>\n<p><a href=\"http:\/\/www.ifbaiano.edu.br\/unidades\/lapa\/?attachment_id=6601\">Confiram aqui o arquivo da Prorroga\u00e7\u00e3o<\/a><\/p>\n<p>&nbsp;<\/p>\n<p>&nbsp;<\/p>\n","protected":false},"excerpt":{"rendered":"<p>A Dire\u00e7\u00e3o Geral do Campus Bom Jesus da Lapa comunica que as inscri\u00e7\u00f5es para a especializa\u00e7\u00e3o em Educa\u00e7\u00e3o do Campo ficam prorrogadas at\u00e9 o dia 24 de agosto de 2016. Confiram aqui o arquivo da Prorroga\u00e7\u00e3o &nbsp; &nbsp;<\/p>\n","protected":false},"author":36,"featured_media":0,"comment_status":"open","ping_status":"open","sticky":false,"template":"","format":"standard","meta":[],"categories":[39],"tags":[],"_links":{"self":[{"href":"https:\/\/www.ifbaiano.edu.br\/unidades\/lapa\/wp-json\/wp\/v2\/posts\/6595"}],"collection":[{"href":"https:\/\/www.ifbaiano.edu.br\/unidades\/lapa\/wp-json\/wp\/v2\/posts"}],"about":[{"href":"https:\/\/www.ifbaiano.edu.br\/unidades\/lapa\/wp-json\/wp\/v2\/types\/post"}],"author":[{"embeddable":true,"href":"https:\/\/www.ifbaiano.edu.br\/unidades\/lapa\/wp-json\/wp\/v2\/users\/36"}],"replies":[{"embeddable":true,"href":"https:\/\/www.ifbaiano.edu.br\/unidades\/lapa\/wp-json\/wp\/v2\/comments?post=6595"}],"version-history":[{"count":3,"href":"https:\/\/www.ifbaiano.edu.br\/unidades\/lapa\/wp-json\/wp\/v2\/posts\/6595\/revisions"}],"predecessor-version":[{"id":6603,"href":"https:\/\/www.ifbaiano.edu.br\/unidades\/lapa\/wp-json\/wp\/v2\/posts\/6595\/revisions\/6603"}],"wp:attachment":[{"href":"https:\/\/www.ifbaiano.edu.br\/unidades\/lapa\/wp-json\/wp\/v2\/media?parent=6595"}],"wp:term":[{"taxonomy":"category","embeddable":true,"href":"https:\/\/www.ifbaiano.edu.br\/unidades\/lapa\/wp-json\/wp\/v2\/categories?post=6595"},{"taxonomy":"post_tag","embeddable":true,"href":"https:\/\/www.ifbaiano.edu.br\/unidades\/lapa\/wp-json\/wp\/v2\/tags?post=6595"}],"curies":[{"name":"wp","href":"https:\/\/api.w.org\/{rel}","templated":true}]}}