{"id":6607,"date":"2016-08-23T12:56:11","date_gmt":"2016-08-23T14:56:11","guid":{"rendered":"http:\/\/www.ifbaiano.edu.br\/unidades\/lapa\/?p=6607"},"modified":"2016-08-23T12:56:11","modified_gmt":"2016-08-23T14:56:11","slug":"campus-lapa-realizara-encontro-com-estudantes-surdos-e-interpretes-de-libras","status":"publish","type":"post","link":"https:\/\/www.ifbaiano.edu.br\/unidades\/lapa\/2016\/08\/23\/campus-lapa-realizara-encontro-com-estudantes-surdos-e-interpretes-de-libras\/","title":{"rendered":"Campus Lapa Realizar\u00e1 Encontro com Estudantes Surdos e Int\u00e9rpretes de Libras"},"content":{"rendered":"<p style=\"text-align: justify\">O <em>campus<\/em> Bom Jesus da Lapa <strong>realizar\u00e1<\/strong>, no dia <strong>24 de agosto<\/strong>, <strong>encontro com estudantes surdos e tradutores int\u00e9rpretes de libras<\/strong>. Este momento tem a finalidade de promover a aproxima\u00e7\u00e3o destes estudantes e int\u00e9rpretes com a comunidade acad\u00eamica do IF Baiano, para conhecerem suas <strong>propostas \u00a0acerca da forma\u00e7\u00e3o profissional<\/strong>, assim como quest\u00f5es relativas a <strong>inclus\u00e3o de pessoas com necessidades educacionais espec\u00edficas<\/strong>.<\/p>\n<p><span style=\"text-decoration: underline\">Contamos com a participa\u00e7\u00e3o de todos!<\/span><br \/>\n<strong>Fonte: <\/strong>Diretoria Acad\u00eamica<\/p>\n<p><img decoding=\"async\" loading=\"lazy\" class=\"size-full wp-image-6608 alignleft\" style=\"border: 1px solid black\" src=\"http:\/\/www.ifbaiano.edu.br\/unidades\/lapa\/files\/2016\/08\/Encontro-Estudantes-e-Libras.jpg\" alt=\"\" width=\"767\" height=\"574\" \/><\/p>\n<p>&nbsp;<\/p>\n","protected":false},"excerpt":{"rendered":"<p>O campus Bom Jesus da Lapa realizar\u00e1, no dia 24 de agosto, encontro com estudantes surdos e tradutores int\u00e9rpretes de libras. Este momento tem a finalidade de promover a aproxima\u00e7\u00e3o destes estudantes e int\u00e9rpretes com a comunidade acad\u00eamica do IF Baiano, para conhecerem suas propostas \u00a0acerca da forma\u00e7\u00e3o profissional, assim como quest\u00f5es relativas a inclus\u00e3o [&hellip;]<\/p>\n","protected":false},"author":65,"featured_media":6608,"comment_status":"open","ping_status":"open","sticky":false,"template":"","format":"standard","meta":[],"categories":[24],"tags":[],"_links":{"self":[{"href":"https:\/\/www.ifbaiano.edu.br\/unidades\/lapa\/wp-json\/wp\/v2\/posts\/6607"}],"collection":[{"href":"https:\/\/www.ifbaiano.edu.br\/unidades\/lapa\/wp-json\/wp\/v2\/posts"}],"about":[{"href":"https:\/\/www.ifbaiano.edu.br\/unidades\/lapa\/wp-json\/wp\/v2\/types\/post"}],"author":[{"embeddable":true,"href":"https:\/\/www.ifbaiano.edu.br\/unidades\/lapa\/wp-json\/wp\/v2\/users\/65"}],"replies":[{"embeddable":true,"href":"https:\/\/www.ifbaiano.edu.br\/unidades\/lapa\/wp-json\/wp\/v2\/comments?post=6607"}],"version-history":[{"count":12,"href":"https:\/\/www.ifbaiano.edu.br\/unidades\/lapa\/wp-json\/wp\/v2\/posts\/6607\/revisions"}],"predecessor-version":[{"id":6620,"href":"https:\/\/www.ifbaiano.edu.br\/unidades\/lapa\/wp-json\/wp\/v2\/posts\/6607\/revisions\/6620"}],"wp:featuredmedia":[{"embeddable":true,"href":"https:\/\/www.ifbaiano.edu.br\/unidades\/lapa\/wp-json\/wp\/v2\/media\/6608"}],"wp:attachment":[{"href":"https:\/\/www.ifbaiano.edu.br\/unidades\/lapa\/wp-json\/wp\/v2\/media?parent=6607"}],"wp:term":[{"taxonomy":"category","embeddable":true,"href":"https:\/\/www.ifbaiano.edu.br\/unidades\/lapa\/wp-json\/wp\/v2\/categories?post=6607"},{"taxonomy":"post_tag","embeddable":true,"href":"https:\/\/www.ifbaiano.edu.br\/unidades\/lapa\/wp-json\/wp\/v2\/tags?post=6607"}],"curies":[{"name":"wp","href":"https:\/\/api.w.org\/{rel}","templated":true}]}}