{"id":6631,"date":"2016-08-29T11:12:01","date_gmt":"2016-08-29T13:12:01","guid":{"rendered":"http:\/\/www.ifbaiano.edu.br\/unidades\/lapa\/?p=6631"},"modified":"2016-08-29T11:12:01","modified_gmt":"2016-08-29T13:12:01","slug":"publicada-homologacao-das-inscricoes-na-especializacao-em-educacao-do-campo-e-cronograma-de-entrevistas","status":"publish","type":"post","link":"https:\/\/www.ifbaiano.edu.br\/unidades\/lapa\/2016\/08\/29\/publicada-homologacao-das-inscricoes-na-especializacao-em-educacao-do-campo-e-cronograma-de-entrevistas\/","title":{"rendered":"Publicada homologa\u00e7\u00e3o das inscri\u00e7\u00f5es na Especializa\u00e7\u00e3o em Educa\u00e7\u00e3o do Campo e Cronograma de Entrevistas"},"content":{"rendered":"<p>A Comiss\u00e3o respons\u00e1vel pela Organiza\u00e7\u00e3o do Processo Seletivo da Especializa\u00e7\u00e3o em Educa\u00e7\u00e3o do Campo torna p\u00fablica a homologa\u00e7\u00e3o das inscri\u00e7\u00f5es e o cronograma de entrevistas:<\/p>\n<p><!--more--><\/p>\n<p><a href=\"http:\/\/www.ifbaiano.edu.br\/unidades\/lapa\/files\/2016\/07\/homologacao-29-08-2016.pdf\">Acesse Aqui &#8211; Homologa\u00e7\u00e3o das Inscri\u00e7\u00f5es<\/a><\/p>\n<p><a href=\"http:\/\/www.ifbaiano.edu.br\/unidades\/lapa\/files\/2016\/07\/Cronograma-de-entrevistas.pdf\">Acesse Aqui &#8211; Cronograma das Entrevistas<\/a><\/p>\n<p>&nbsp;<\/p>\n<p><strong>Fonte:<\/strong> Comiss\u00e3o Organizadora<\/p>\n<p>&nbsp;<\/p>\n","protected":false},"excerpt":{"rendered":"<p>A Comiss\u00e3o respons\u00e1vel pela Organiza\u00e7\u00e3o do Processo Seletivo da Especializa\u00e7\u00e3o em Educa\u00e7\u00e3o do Campo torna p\u00fablica a homologa\u00e7\u00e3o das inscri\u00e7\u00f5es e o cronograma de entrevistas:<\/p>\n","protected":false},"author":36,"featured_media":0,"comment_status":"open","ping_status":"open","sticky":false,"template":"","format":"standard","meta":[],"categories":[1],"tags":[],"_links":{"self":[{"href":"https:\/\/www.ifbaiano.edu.br\/unidades\/lapa\/wp-json\/wp\/v2\/posts\/6631"}],"collection":[{"href":"https:\/\/www.ifbaiano.edu.br\/unidades\/lapa\/wp-json\/wp\/v2\/posts"}],"about":[{"href":"https:\/\/www.ifbaiano.edu.br\/unidades\/lapa\/wp-json\/wp\/v2\/types\/post"}],"author":[{"embeddable":true,"href":"https:\/\/www.ifbaiano.edu.br\/unidades\/lapa\/wp-json\/wp\/v2\/users\/36"}],"replies":[{"embeddable":true,"href":"https:\/\/www.ifbaiano.edu.br\/unidades\/lapa\/wp-json\/wp\/v2\/comments?post=6631"}],"version-history":[{"count":2,"href":"https:\/\/www.ifbaiano.edu.br\/unidades\/lapa\/wp-json\/wp\/v2\/posts\/6631\/revisions"}],"predecessor-version":[{"id":6633,"href":"https:\/\/www.ifbaiano.edu.br\/unidades\/lapa\/wp-json\/wp\/v2\/posts\/6631\/revisions\/6633"}],"wp:attachment":[{"href":"https:\/\/www.ifbaiano.edu.br\/unidades\/lapa\/wp-json\/wp\/v2\/media?parent=6631"}],"wp:term":[{"taxonomy":"category","embeddable":true,"href":"https:\/\/www.ifbaiano.edu.br\/unidades\/lapa\/wp-json\/wp\/v2\/categories?post=6631"},{"taxonomy":"post_tag","embeddable":true,"href":"https:\/\/www.ifbaiano.edu.br\/unidades\/lapa\/wp-json\/wp\/v2\/tags?post=6631"}],"curies":[{"name":"wp","href":"https:\/\/api.w.org\/{rel}","templated":true}]}}