{"id":6672,"date":"2016-09-16T18:19:21","date_gmt":"2016-09-16T20:19:21","guid":{"rendered":"http:\/\/www.ifbaiano.edu.br\/unidades\/lapa\/?p=6672"},"modified":"2016-09-16T18:19:53","modified_gmt":"2016-09-16T20:19:53","slug":"publicada-retificacao-do-cronograma-de-entrevistas-da-especializacao-em-educacao-do-campo","status":"publish","type":"post","link":"https:\/\/www.ifbaiano.edu.br\/unidades\/lapa\/2016\/09\/16\/publicada-retificacao-do-cronograma-de-entrevistas-da-especializacao-em-educacao-do-campo\/","title":{"rendered":"Publicado resultado da 1\u00aa fase e retifica\u00e7\u00e3o do cronograma de entrevistas da Especializa\u00e7\u00e3o em Educa\u00e7\u00e3o do Campo"},"content":{"rendered":"<p>A Comiss\u00e3o respons\u00e1vel pela coordena\u00e7\u00e3o do Processo Seletivo para a especializa\u00e7\u00e3o em Educa\u00e7\u00e3o do Campo &#8211; Campus Bom Jesus da Lapa, torna p\u00fablico o resultado da 1\u00aa fase e o cronograma de entrevistas corrigido.<\/p>\n<p><!--more--><\/p>\n<p>A comiss\u00e3o solicita a aten\u00e7\u00e3o de todos os candidatos quanto \u00e0s datas e hor\u00e1rios das entrevistas, que est\u00e3o dispon\u00edveis no documento em anexo.<\/p>\n<p>As entrevistas ser\u00e3o realizadas segunda e ter\u00e7a-feira (19 e 20 de setembro), na sede do IF Baiano &#8211; Campus Bom Jesus da Lapa, situado na Rodovia BR 349, Km 14 &#8211; Zona Rural &#8211; Projeto Formoso, conforme salas definidas no arquivo do resultado da 1\u00aa fase.<\/p>\n<p><a href=\"http:\/\/www.ifbaiano.edu.br\/unidades\/lapa\/selecao-de-estudantes\/cronograma-entrevistas-corrigido\/\">Acessem Aqui<\/a><\/p>\n<p>Fonte: Comiss\u00e3o Organizadora<\/p>\n","protected":false},"excerpt":{"rendered":"<p>A Comiss\u00e3o respons\u00e1vel pela coordena\u00e7\u00e3o do Processo Seletivo para a especializa\u00e7\u00e3o em Educa\u00e7\u00e3o do Campo &#8211; Campus Bom Jesus da Lapa, torna p\u00fablico o resultado da 1\u00aa fase e o cronograma de entrevistas corrigido.<\/p>\n","protected":false},"author":36,"featured_media":0,"comment_status":"open","ping_status":"open","sticky":false,"template":"","format":"standard","meta":[],"categories":[39],"tags":[],"_links":{"self":[{"href":"https:\/\/www.ifbaiano.edu.br\/unidades\/lapa\/wp-json\/wp\/v2\/posts\/6672"}],"collection":[{"href":"https:\/\/www.ifbaiano.edu.br\/unidades\/lapa\/wp-json\/wp\/v2\/posts"}],"about":[{"href":"https:\/\/www.ifbaiano.edu.br\/unidades\/lapa\/wp-json\/wp\/v2\/types\/post"}],"author":[{"embeddable":true,"href":"https:\/\/www.ifbaiano.edu.br\/unidades\/lapa\/wp-json\/wp\/v2\/users\/36"}],"replies":[{"embeddable":true,"href":"https:\/\/www.ifbaiano.edu.br\/unidades\/lapa\/wp-json\/wp\/v2\/comments?post=6672"}],"version-history":[{"count":3,"href":"https:\/\/www.ifbaiano.edu.br\/unidades\/lapa\/wp-json\/wp\/v2\/posts\/6672\/revisions"}],"predecessor-version":[{"id":6675,"href":"https:\/\/www.ifbaiano.edu.br\/unidades\/lapa\/wp-json\/wp\/v2\/posts\/6672\/revisions\/6675"}],"wp:attachment":[{"href":"https:\/\/www.ifbaiano.edu.br\/unidades\/lapa\/wp-json\/wp\/v2\/media?parent=6672"}],"wp:term":[{"taxonomy":"category","embeddable":true,"href":"https:\/\/www.ifbaiano.edu.br\/unidades\/lapa\/wp-json\/wp\/v2\/categories?post=6672"},{"taxonomy":"post_tag","embeddable":true,"href":"https:\/\/www.ifbaiano.edu.br\/unidades\/lapa\/wp-json\/wp\/v2\/tags?post=6672"}],"curies":[{"name":"wp","href":"https:\/\/api.w.org\/{rel}","templated":true}]}}