{"id":6683,"date":"2016-09-19T13:19:54","date_gmt":"2016-09-19T15:19:54","guid":{"rendered":"http:\/\/www.ifbaiano.edu.br\/unidades\/lapa\/?p=6683"},"modified":"2016-11-03T10:42:12","modified_gmt":"2016-11-03T12:42:12","slug":"campus-lapa-realizara-i-semana-de-agronomia","status":"publish","type":"post","link":"https:\/\/www.ifbaiano.edu.br\/unidades\/lapa\/2016\/09\/19\/campus-lapa-realizara-i-semana-de-agronomia\/","title":{"rendered":"Campus Lapa Realizar\u00e1 I SEMANA DE AGRONOMIA"},"content":{"rendered":"<p style=\"text-align: justify\" align=\"center\"><em>Campus <\/em>Bom Jesus da Lapa realizar\u00e1 nos dias<strong> 27 e 28 de outubro de 2016<\/strong> a <strong>I SEMANA DE ENGENHARIA AGRON\u00d4MICA<\/strong> (I SEAGRO).<\/p>\n<p style=\"text-align: left\" align=\"center\">O evento ter\u00e1 como <span style=\"text-decoration: underline\">Tema:<\/span> <strong>Alternativas de Desenvolvimento de Culturas Adaptadas ao Clima Semi\u00e1rido<\/strong>.<\/p>\n<p style=\"text-align: left\" align=\"center\"><strong>Inscri\u00e7\u00f5es de 19 de setembro a 12 de outubro de 2016, exclusivamente pelo site do evento, link abaixo.<\/strong><\/p>\n<p style=\"text-align: center\" align=\"center\"><span style=\"text-decoration: underline\"><a href=\"http:\/\/semanagrocampuslapa2016.blogspot.com.br\/\" target=\"_blank\"><img decoding=\"async\" loading=\"lazy\" class=\"size-full wp-image-6682 aligncenter\" style=\"border: 1px solid black\" src=\"http:\/\/www.ifbaiano.edu.br\/unidades\/lapa\/files\/2016\/09\/CARTAZ-SEMANA-DE-AGRONOMIA.jpg\" alt=\"\" width=\"398\" height=\"223\" \/><\/a><\/span><\/p>\n<p style=\"text-align: justify\" align=\"center\"><strong>Seguem os links:<\/strong><\/p>\n<p style=\"text-align: justify;padding-left: 30px\" align=\"center\"><a title=\"PANFLETO DA I SEMANA DE AGRONOMIA\" href=\"http:\/\/www.ifbaiano.edu.br\/unidades\/lapa\/files\/2016\/10\/panfleto-I-semana-de-agronomia.pdf\" target=\"_blank\">&#8211; SOBRE O EVENTO<\/a><\/p>\n<p style=\"text-align: justify;padding-left: 30px\" align=\"center\"><a title=\"CARTAZ DA I SEMANA DE AGRONOMIA\" href=\"http:\/\/www.ifbaiano.edu.br\/unidades\/lapa\/files\/2016\/10\/cartaz-semana-de-agronomia.pdf\" target=\"_blank\">&#8211; CARTAZ<\/a><\/p>\n<p style=\"text-align: justify;padding-left: 30px\" align=\"center\"><a title=\"I SEMANA DE AGRONOMIA\" href=\"http:\/\/semanagrocampuslapa2016.blogspot.com.br\/\" target=\"_blank\">&#8211; SITE DO EVENTO<\/a><\/p>\n<p style=\"text-align: justify;padding-left: 30px\" align=\"center\"><a title=\"PROJETO I SEMANA DE ENGENHARIA AGRON\u00d4MICA\" href=\"http:\/\/www.ifbaiano.edu.br\/unidades\/lapa\/files\/2016\/09\/PROJETO-I-SEMANA-DE-ENGENHARIA-AGRON\u00d4MICA.pdf\" target=\"_blank\">&#8211; PROJETO DA I SEAGRO<\/a><\/p>\n<p style=\"text-align: justify;padding-left: 30px\" align=\"center\"><a title=\"PROGRAMA\u00c7\u00c3O I SEMANA DE ENGENHARIA AGRON\u00d4MICA\" href=\"http:\/\/www.ifbaiano.edu.br\/unidades\/lapa\/files\/2016\/09\/PROGRAMA\u00c7\u00c3O-I-SEAGRO.pdf\" target=\"_blank\">&#8211; PROGRAMA\u00c7\u00c3O<\/a><\/p>\n<p style=\"text-align: justify\" align=\"center\"><strong>Fonte:<\/strong> A comiss\u00e3o organizadora<\/p>\n","protected":false},"excerpt":{"rendered":"<p>Campus Bom Jesus da Lapa realizar\u00e1 nos dias 27 e 28 de outubro de 2016 a I SEMANA DE ENGENHARIA AGRON\u00d4MICA (I SEAGRO). O evento ter\u00e1 como Tema: Alternativas de Desenvolvimento de Culturas Adaptadas ao Clima Semi\u00e1rido. Inscri\u00e7\u00f5es de 19 de setembro a 12 de outubro de 2016, exclusivamente pelo site do evento, link abaixo. [&hellip;]<\/p>\n","protected":false},"author":65,"featured_media":0,"comment_status":"open","ping_status":"open","sticky":false,"template":"","format":"standard","meta":[],"categories":[24],"tags":[],"_links":{"self":[{"href":"https:\/\/www.ifbaiano.edu.br\/unidades\/lapa\/wp-json\/wp\/v2\/posts\/6683"}],"collection":[{"href":"https:\/\/www.ifbaiano.edu.br\/unidades\/lapa\/wp-json\/wp\/v2\/posts"}],"about":[{"href":"https:\/\/www.ifbaiano.edu.br\/unidades\/lapa\/wp-json\/wp\/v2\/types\/post"}],"author":[{"embeddable":true,"href":"https:\/\/www.ifbaiano.edu.br\/unidades\/lapa\/wp-json\/wp\/v2\/users\/65"}],"replies":[{"embeddable":true,"href":"https:\/\/www.ifbaiano.edu.br\/unidades\/lapa\/wp-json\/wp\/v2\/comments?post=6683"}],"version-history":[{"count":23,"href":"https:\/\/www.ifbaiano.edu.br\/unidades\/lapa\/wp-json\/wp\/v2\/posts\/6683\/revisions"}],"predecessor-version":[{"id":6698,"href":"https:\/\/www.ifbaiano.edu.br\/unidades\/lapa\/wp-json\/wp\/v2\/posts\/6683\/revisions\/6698"}],"wp:attachment":[{"href":"https:\/\/www.ifbaiano.edu.br\/unidades\/lapa\/wp-json\/wp\/v2\/media?parent=6683"}],"wp:term":[{"taxonomy":"category","embeddable":true,"href":"https:\/\/www.ifbaiano.edu.br\/unidades\/lapa\/wp-json\/wp\/v2\/categories?post=6683"},{"taxonomy":"post_tag","embeddable":true,"href":"https:\/\/www.ifbaiano.edu.br\/unidades\/lapa\/wp-json\/wp\/v2\/tags?post=6683"}],"curies":[{"name":"wp","href":"https:\/\/api.w.org\/{rel}","templated":true}]}}