{"id":6712,"date":"2016-09-22T21:46:20","date_gmt":"2016-09-22T23:46:20","guid":{"rendered":"http:\/\/www.ifbaiano.edu.br\/unidades\/lapa\/?p=6712"},"modified":"2016-09-22T21:50:46","modified_gmt":"2016-09-22T23:50:46","slug":"publicado-resultado-preliminar-da-selecao-para-a-especializacao-em-educacao-do-campo","status":"publish","type":"post","link":"https:\/\/www.ifbaiano.edu.br\/unidades\/lapa\/2016\/09\/22\/publicado-resultado-preliminar-da-selecao-para-a-especializacao-em-educacao-do-campo\/","title":{"rendered":"Publicado Resultado Preliminar da Sele\u00e7\u00e3o para a especializa\u00e7\u00e3o em Educa\u00e7\u00e3o do Campo"},"content":{"rendered":"<p>A Comiss\u00e3o Local respons\u00e1vel pela Sele\u00e7\u00e3o do Processo Seletivo para a Especializa\u00e7\u00e3o em Educa\u00e7\u00e3o do Campo torna p\u00fablico o resultado preliminar do referido processo.<\/p>\n<p><!--more--><\/p>\n<p><a href=\"http:\/\/www.ifbaiano.edu.br\/unidades\/lapa\/selecao-de-estudantes\/\">ACESSEM AQUI O RESULTADO<\/a><\/p>\n<p>Poss\u00edveis recursos ao referido resultado dever\u00e3o ser impetrados atrav\u00e9s do envio de e-mail devidamente fundamentado para o colegiado da Especializa\u00e7\u00e3o: educampo@lapa.ifbaiano.edu.br, at\u00e9 amanh\u00e3, dia 23 de setembro de 2016, nos termos do cronograma previsto no edital de sele\u00e7\u00e3o.<\/p>\n<p>O resultado definitivo ser\u00e1 publicado no dia 26 de setembro de 2016, junto ao qual ser\u00e1 publicado o Edital de Matr\u00edculas. Pedimos aten\u00e7\u00e3o aos prazos!<\/p>\n<p>&nbsp;<\/p>\n<p>A Comiss\u00e3o<\/p>\n","protected":false},"excerpt":{"rendered":"<p>A Comiss\u00e3o Local respons\u00e1vel pela Sele\u00e7\u00e3o do Processo Seletivo para a Especializa\u00e7\u00e3o em Educa\u00e7\u00e3o do Campo torna p\u00fablico o resultado preliminar do referido processo.<\/p>\n","protected":false},"author":36,"featured_media":0,"comment_status":"open","ping_status":"open","sticky":false,"template":"","format":"standard","meta":[],"categories":[39],"tags":[],"_links":{"self":[{"href":"https:\/\/www.ifbaiano.edu.br\/unidades\/lapa\/wp-json\/wp\/v2\/posts\/6712"}],"collection":[{"href":"https:\/\/www.ifbaiano.edu.br\/unidades\/lapa\/wp-json\/wp\/v2\/posts"}],"about":[{"href":"https:\/\/www.ifbaiano.edu.br\/unidades\/lapa\/wp-json\/wp\/v2\/types\/post"}],"author":[{"embeddable":true,"href":"https:\/\/www.ifbaiano.edu.br\/unidades\/lapa\/wp-json\/wp\/v2\/users\/36"}],"replies":[{"embeddable":true,"href":"https:\/\/www.ifbaiano.edu.br\/unidades\/lapa\/wp-json\/wp\/v2\/comments?post=6712"}],"version-history":[{"count":3,"href":"https:\/\/www.ifbaiano.edu.br\/unidades\/lapa\/wp-json\/wp\/v2\/posts\/6712\/revisions"}],"predecessor-version":[{"id":6714,"href":"https:\/\/www.ifbaiano.edu.br\/unidades\/lapa\/wp-json\/wp\/v2\/posts\/6712\/revisions\/6714"}],"wp:attachment":[{"href":"https:\/\/www.ifbaiano.edu.br\/unidades\/lapa\/wp-json\/wp\/v2\/media?parent=6712"}],"wp:term":[{"taxonomy":"category","embeddable":true,"href":"https:\/\/www.ifbaiano.edu.br\/unidades\/lapa\/wp-json\/wp\/v2\/categories?post=6712"},{"taxonomy":"post_tag","embeddable":true,"href":"https:\/\/www.ifbaiano.edu.br\/unidades\/lapa\/wp-json\/wp\/v2\/tags?post=6712"}],"curies":[{"name":"wp","href":"https:\/\/api.w.org\/{rel}","templated":true}]}}