{"id":6757,"date":"2016-09-27T22:16:47","date_gmt":"2016-09-28T00:16:47","guid":{"rendered":"http:\/\/www.ifbaiano.edu.br\/unidades\/lapa\/?p=6757"},"modified":"2016-09-27T22:16:47","modified_gmt":"2016-09-28T00:16:47","slug":"resultado-dos-recursos-e-resultado-final-da-selecao-para-a-especializacao-em-educacao-do-campo","status":"publish","type":"post","link":"https:\/\/www.ifbaiano.edu.br\/unidades\/lapa\/2016\/09\/27\/resultado-dos-recursos-e-resultado-final-da-selecao-para-a-especializacao-em-educacao-do-campo\/","title":{"rendered":"Resultado dos Recursos e Resultado Final da Sele\u00e7\u00e3o para a Especializa\u00e7\u00e3o em Educa\u00e7\u00e3o do Campo"},"content":{"rendered":"<p>Publicado resultado da an\u00e1lise dos recursos e Resultado Final da Sele\u00e7\u00e3o para a Especializa\u00e7\u00e3o em Educa\u00e7\u00e3o do Campo.<\/p>\n<p><!--more--><\/p>\n<p>A Comiss\u00e3o Organizadora do processo seletivo da Especializa\u00e7\u00e3o em Educa\u00e7\u00e3o do Campo torna p\u00fablico o resultado dos recursos e resultado final do Processo.<\/p>\n<p><a href=\"http:\/\/www.ifbaiano.edu.br\/unidades\/lapa\/selecao-de-estudantes\/\">ACESSEM AQUI<\/a><\/p>\n<p>Comunicamos que o Edital de Matr\u00edculas ser\u00e1 publicado neste site no dia 28 de setembro de 2016, a partir das 10:00 horas. Fiquem todos atentos!<\/p>\n<p>&nbsp;<\/p>\n<p>A comiss\u00e3o<\/p>\n","protected":false},"excerpt":{"rendered":"<p>Publicado resultado da an\u00e1lise dos recursos e Resultado Final da Sele\u00e7\u00e3o para a Especializa\u00e7\u00e3o em Educa\u00e7\u00e3o do Campo.<\/p>\n","protected":false},"author":36,"featured_media":0,"comment_status":"open","ping_status":"open","sticky":false,"template":"","format":"standard","meta":[],"categories":[39],"tags":[],"_links":{"self":[{"href":"https:\/\/www.ifbaiano.edu.br\/unidades\/lapa\/wp-json\/wp\/v2\/posts\/6757"}],"collection":[{"href":"https:\/\/www.ifbaiano.edu.br\/unidades\/lapa\/wp-json\/wp\/v2\/posts"}],"about":[{"href":"https:\/\/www.ifbaiano.edu.br\/unidades\/lapa\/wp-json\/wp\/v2\/types\/post"}],"author":[{"embeddable":true,"href":"https:\/\/www.ifbaiano.edu.br\/unidades\/lapa\/wp-json\/wp\/v2\/users\/36"}],"replies":[{"embeddable":true,"href":"https:\/\/www.ifbaiano.edu.br\/unidades\/lapa\/wp-json\/wp\/v2\/comments?post=6757"}],"version-history":[{"count":2,"href":"https:\/\/www.ifbaiano.edu.br\/unidades\/lapa\/wp-json\/wp\/v2\/posts\/6757\/revisions"}],"predecessor-version":[{"id":6759,"href":"https:\/\/www.ifbaiano.edu.br\/unidades\/lapa\/wp-json\/wp\/v2\/posts\/6757\/revisions\/6759"}],"wp:attachment":[{"href":"https:\/\/www.ifbaiano.edu.br\/unidades\/lapa\/wp-json\/wp\/v2\/media?parent=6757"}],"wp:term":[{"taxonomy":"category","embeddable":true,"href":"https:\/\/www.ifbaiano.edu.br\/unidades\/lapa\/wp-json\/wp\/v2\/categories?post=6757"},{"taxonomy":"post_tag","embeddable":true,"href":"https:\/\/www.ifbaiano.edu.br\/unidades\/lapa\/wp-json\/wp\/v2\/tags?post=6757"}],"curies":[{"name":"wp","href":"https:\/\/api.w.org\/{rel}","templated":true}]}}