{"id":6760,"date":"2016-09-28T13:12:05","date_gmt":"2016-09-28T15:12:05","guid":{"rendered":"http:\/\/www.ifbaiano.edu.br\/unidades\/lapa\/?p=6760"},"modified":"2016-09-28T13:50:34","modified_gmt":"2016-09-28T15:50:34","slug":"publicado-edital-de-matriculas-da-especializacao-em-educacao-do-campo-e","status":"publish","type":"post","link":"https:\/\/www.ifbaiano.edu.br\/unidades\/lapa\/2016\/09\/28\/publicado-edital-de-matriculas-da-especializacao-em-educacao-do-campo-e\/","title":{"rendered":"Publicado Edital de Matr\u00edculas da Especializa\u00e7\u00e3o em Educa\u00e7\u00e3o do Campo e Convite para Aula Inaugural"},"content":{"rendered":"<p>A Dire\u00e7\u00e3o Geral do IF Baiano &#8211; Campus Bom Jesus da Lapa torna p\u00fablico o Edital de Matr\u00edculas para a Especializa\u00e7\u00e3o em Educa\u00e7\u00e3o do Campo. Na oportunidade, divulga tamb\u00e9m o Convite para a Aula Inaugural. Lembrando que a participa\u00e7\u00e3o de todos os estudantes \u00e9 obrigat\u00f3ria.<\/p>\n<p><!--more--><\/p>\n<p>Maiores informa\u00e7\u00f5es poder\u00e3o ser obtidas pelo telefone: (77) 3481-3210.<\/p>\n<p><a href=\"http:\/\/www.ifbaiano.edu.br\/unidades\/lapa\/selecao-de-estudantes\/edital-pos-matricula\/\">EDITAL DE MATR\u00cdCULAS<\/a><\/p>\n<p><a href=\"http:\/\/www.ifbaiano.edu.br\/unidades\/lapa\/?attachment_id=6763\">CONVITE AULA INAUGURAL<\/a><\/p>\n<p>&nbsp;<\/p>\n<p>Comiss\u00e3o respons\u00e1vel pelo Certame<\/p>\n","protected":false},"excerpt":{"rendered":"<p>A Dire\u00e7\u00e3o Geral do IF Baiano &#8211; Campus Bom Jesus da Lapa torna p\u00fablico o Edital de Matr\u00edculas para a Especializa\u00e7\u00e3o em Educa\u00e7\u00e3o do Campo. Na oportunidade, divulga tamb\u00e9m o Convite para a Aula Inaugural. Lembrando que a participa\u00e7\u00e3o de todos os estudantes \u00e9 obrigat\u00f3ria.<\/p>\n","protected":false},"author":36,"featured_media":0,"comment_status":"open","ping_status":"open","sticky":false,"template":"","format":"standard","meta":[],"categories":[39],"tags":[],"_links":{"self":[{"href":"https:\/\/www.ifbaiano.edu.br\/unidades\/lapa\/wp-json\/wp\/v2\/posts\/6760"}],"collection":[{"href":"https:\/\/www.ifbaiano.edu.br\/unidades\/lapa\/wp-json\/wp\/v2\/posts"}],"about":[{"href":"https:\/\/www.ifbaiano.edu.br\/unidades\/lapa\/wp-json\/wp\/v2\/types\/post"}],"author":[{"embeddable":true,"href":"https:\/\/www.ifbaiano.edu.br\/unidades\/lapa\/wp-json\/wp\/v2\/users\/36"}],"replies":[{"embeddable":true,"href":"https:\/\/www.ifbaiano.edu.br\/unidades\/lapa\/wp-json\/wp\/v2\/comments?post=6760"}],"version-history":[{"count":4,"href":"https:\/\/www.ifbaiano.edu.br\/unidades\/lapa\/wp-json\/wp\/v2\/posts\/6760\/revisions"}],"predecessor-version":[{"id":6765,"href":"https:\/\/www.ifbaiano.edu.br\/unidades\/lapa\/wp-json\/wp\/v2\/posts\/6760\/revisions\/6765"}],"wp:attachment":[{"href":"https:\/\/www.ifbaiano.edu.br\/unidades\/lapa\/wp-json\/wp\/v2\/media?parent=6760"}],"wp:term":[{"taxonomy":"category","embeddable":true,"href":"https:\/\/www.ifbaiano.edu.br\/unidades\/lapa\/wp-json\/wp\/v2\/categories?post=6760"},{"taxonomy":"post_tag","embeddable":true,"href":"https:\/\/www.ifbaiano.edu.br\/unidades\/lapa\/wp-json\/wp\/v2\/tags?post=6760"}],"curies":[{"name":"wp","href":"https:\/\/api.w.org\/{rel}","templated":true}]}}