{"id":6770,"date":"2016-09-30T20:04:55","date_gmt":"2016-09-30T22:04:55","guid":{"rendered":"http:\/\/www.ifbaiano.edu.br\/unidades\/lapa\/?p=6770"},"modified":"2016-09-30T20:04:55","modified_gmt":"2016-09-30T22:04:55","slug":"retificacao-ao-edital-07-2016-edital-de-matriculas-da-especializacao-em-educacao-do-campo","status":"publish","type":"post","link":"https:\/\/www.ifbaiano.edu.br\/unidades\/lapa\/2016\/09\/30\/retificacao-ao-edital-07-2016-edital-de-matriculas-da-especializacao-em-educacao-do-campo\/","title":{"rendered":"Retifica\u00e7\u00e3o ao Edital 07-2016 &#8211; Edital de Matr\u00edculas da Especializa\u00e7\u00e3o em Educa\u00e7\u00e3o do Campo"},"content":{"rendered":"<p>A Dire\u00e7\u00e3o Geral do Campus Bom Jesus da Lapa torna p\u00fablico a retifica\u00e7\u00e3o 01 ao Edital de Matr\u00edculas 07\/2016, da especializa\u00e7\u00e3o em Educa\u00e7\u00e3o do Campo.<\/p>\n<p>&nbsp;<\/p>\n<p><a href=\"http:\/\/www.ifbaiano.edu.br\/unidades\/lapa\/?attachment_id=6771\">ACESSEM AQUI O EDITAL.<\/a><\/p>\n<p>&nbsp;<\/p>\n<p>A Comiss\u00e3o<\/p>\n","protected":false},"excerpt":{"rendered":"<p>A Dire\u00e7\u00e3o Geral do Campus Bom Jesus da Lapa torna p\u00fablico a retifica\u00e7\u00e3o 01 ao Edital de Matr\u00edculas 07\/2016, da especializa\u00e7\u00e3o em Educa\u00e7\u00e3o do Campo. &nbsp; ACESSEM AQUI O EDITAL. &nbsp; A Comiss\u00e3o<\/p>\n","protected":false},"author":36,"featured_media":0,"comment_status":"open","ping_status":"open","sticky":false,"template":"","format":"standard","meta":[],"categories":[1],"tags":[],"_links":{"self":[{"href":"https:\/\/www.ifbaiano.edu.br\/unidades\/lapa\/wp-json\/wp\/v2\/posts\/6770"}],"collection":[{"href":"https:\/\/www.ifbaiano.edu.br\/unidades\/lapa\/wp-json\/wp\/v2\/posts"}],"about":[{"href":"https:\/\/www.ifbaiano.edu.br\/unidades\/lapa\/wp-json\/wp\/v2\/types\/post"}],"author":[{"embeddable":true,"href":"https:\/\/www.ifbaiano.edu.br\/unidades\/lapa\/wp-json\/wp\/v2\/users\/36"}],"replies":[{"embeddable":true,"href":"https:\/\/www.ifbaiano.edu.br\/unidades\/lapa\/wp-json\/wp\/v2\/comments?post=6770"}],"version-history":[{"count":1,"href":"https:\/\/www.ifbaiano.edu.br\/unidades\/lapa\/wp-json\/wp\/v2\/posts\/6770\/revisions"}],"predecessor-version":[{"id":6772,"href":"https:\/\/www.ifbaiano.edu.br\/unidades\/lapa\/wp-json\/wp\/v2\/posts\/6770\/revisions\/6772"}],"wp:attachment":[{"href":"https:\/\/www.ifbaiano.edu.br\/unidades\/lapa\/wp-json\/wp\/v2\/media?parent=6770"}],"wp:term":[{"taxonomy":"category","embeddable":true,"href":"https:\/\/www.ifbaiano.edu.br\/unidades\/lapa\/wp-json\/wp\/v2\/categories?post=6770"},{"taxonomy":"post_tag","embeddable":true,"href":"https:\/\/www.ifbaiano.edu.br\/unidades\/lapa\/wp-json\/wp\/v2\/tags?post=6770"}],"curies":[{"name":"wp","href":"https:\/\/api.w.org\/{rel}","templated":true}]}}