{"id":6784,"date":"2016-10-06T01:01:05","date_gmt":"2016-10-06T03:01:05","guid":{"rendered":"http:\/\/www.ifbaiano.edu.br\/unidades\/lapa\/?p=6784"},"modified":"2016-10-06T01:01:05","modified_gmt":"2016-10-06T03:01:05","slug":"publicada-segunda-chamada-de-matriculas-da-especializacao-em-educacao-do-campo","status":"publish","type":"post","link":"https:\/\/www.ifbaiano.edu.br\/unidades\/lapa\/2016\/10\/06\/publicada-segunda-chamada-de-matriculas-da-especializacao-em-educacao-do-campo\/","title":{"rendered":"Publicada segunda chamada de matr\u00edculas da Especializa\u00e7\u00e3o em Educa\u00e7\u00e3o do Campo"},"content":{"rendered":"<p>A Dire\u00e7\u00e3o Geral do Campus Bom Jesus da Lapa torna p\u00fablica a segunda chamada de matr\u00edculas do curso de Especializa\u00e7\u00e3o em Educa\u00e7\u00e3o do Campo.<\/p>\n<p><!--more--><\/p>\n<p><a href=\"http:\/\/www.ifbaiano.edu.br\/unidades\/lapa\/files\/2016\/07\/segunda-chamada.pdf\">ACESSE AQUI A RELA\u00c7\u00c3O DE CONVOCADOS E A DOCUMENTA\u00c7\u00c3O NECESS\u00c1RIA<\/a><\/p>\n<p>&nbsp;<\/p>\n<p>Fonte: Dire\u00e7\u00e3o Geral do Campus Bom Jesus da Lapa<\/p>\n","protected":false},"excerpt":{"rendered":"<p>A Dire\u00e7\u00e3o Geral do Campus Bom Jesus da Lapa torna p\u00fablica a segunda chamada de matr\u00edculas do curso de Especializa\u00e7\u00e3o em Educa\u00e7\u00e3o do Campo.<\/p>\n","protected":false},"author":36,"featured_media":0,"comment_status":"open","ping_status":"open","sticky":false,"template":"","format":"standard","meta":[],"categories":[1],"tags":[],"_links":{"self":[{"href":"https:\/\/www.ifbaiano.edu.br\/unidades\/lapa\/wp-json\/wp\/v2\/posts\/6784"}],"collection":[{"href":"https:\/\/www.ifbaiano.edu.br\/unidades\/lapa\/wp-json\/wp\/v2\/posts"}],"about":[{"href":"https:\/\/www.ifbaiano.edu.br\/unidades\/lapa\/wp-json\/wp\/v2\/types\/post"}],"author":[{"embeddable":true,"href":"https:\/\/www.ifbaiano.edu.br\/unidades\/lapa\/wp-json\/wp\/v2\/users\/36"}],"replies":[{"embeddable":true,"href":"https:\/\/www.ifbaiano.edu.br\/unidades\/lapa\/wp-json\/wp\/v2\/comments?post=6784"}],"version-history":[{"count":2,"href":"https:\/\/www.ifbaiano.edu.br\/unidades\/lapa\/wp-json\/wp\/v2\/posts\/6784\/revisions"}],"predecessor-version":[{"id":6786,"href":"https:\/\/www.ifbaiano.edu.br\/unidades\/lapa\/wp-json\/wp\/v2\/posts\/6784\/revisions\/6786"}],"wp:attachment":[{"href":"https:\/\/www.ifbaiano.edu.br\/unidades\/lapa\/wp-json\/wp\/v2\/media?parent=6784"}],"wp:term":[{"taxonomy":"category","embeddable":true,"href":"https:\/\/www.ifbaiano.edu.br\/unidades\/lapa\/wp-json\/wp\/v2\/categories?post=6784"},{"taxonomy":"post_tag","embeddable":true,"href":"https:\/\/www.ifbaiano.edu.br\/unidades\/lapa\/wp-json\/wp\/v2\/tags?post=6784"}],"curies":[{"name":"wp","href":"https:\/\/api.w.org\/{rel}","templated":true}]}}