{"id":6831,"date":"2016-10-07T16:01:48","date_gmt":"2016-10-07T18:01:48","guid":{"rendered":"http:\/\/www.ifbaiano.edu.br\/unidades\/lapa\/?p=6831"},"modified":"2016-10-09T23:48:03","modified_gmt":"2016-10-10T01:48:03","slug":"retorno-das-aulas-semestre-2016-2","status":"publish","type":"post","link":"https:\/\/www.ifbaiano.edu.br\/unidades\/lapa\/2016\/10\/07\/retorno-das-aulas-semestre-2016-2\/","title":{"rendered":"Retorno das Aulas &#8211; Semestre 2016.2"},"content":{"rendered":"<p>Comunicamos \u00e0 comunidade estudantil que:<\/p>\n<p>&nbsp;<\/p>\n<p>Para a turma de Engenharia Agron\u00f4mica, III Semestre e Agricultura III Semestre, as aulas ter\u00e3o in\u00edcio ter\u00e7a-feira (11\/10\/2016),\u00a0 no turno matutino.<\/p>\n<p>Para a turma de Engenharia Agron\u00f4mica, I Semestre, as aulas s\u00f3 ter\u00e3o in\u00edcio no dia 13 de outubro (quinta-feira), com a aula inaugural \u00e0s 14:00 horas, no Audit\u00f3rio do Campus.<\/p>\n<p>Para o curso subsequente de inform\u00e1tica, as aulas ter\u00e3o in\u00edcio quinta-feira, dia 13 de outubro de 2016, nos turnos matutino e noturno.<\/p>\n<p>Os hor\u00e1rios de aula ser\u00e3o socializados na segunda-feira, dia 10 de outubro de 2016.<\/p>\n<p>&nbsp;<\/p>\n<p>A Dire\u00e7\u00e3o<\/p>\n<p>&nbsp;<\/p>\n<p>&nbsp;<\/p>\n","protected":false},"excerpt":{"rendered":"<p>Comunicamos \u00e0 comunidade estudantil que: &nbsp; Para a turma de Engenharia Agron\u00f4mica, III Semestre e Agricultura III Semestre, as aulas ter\u00e3o in\u00edcio ter\u00e7a-feira (11\/10\/2016),\u00a0 no turno matutino. Para a turma de Engenharia Agron\u00f4mica, I Semestre, as aulas s\u00f3 ter\u00e3o in\u00edcio no dia 13 de outubro (quinta-feira), com a aula inaugural \u00e0s 14:00 horas, no Audit\u00f3rio [&hellip;]<\/p>\n","protected":false},"author":36,"featured_media":0,"comment_status":"open","ping_status":"open","sticky":false,"template":"","format":"standard","meta":[],"categories":[1],"tags":[],"_links":{"self":[{"href":"https:\/\/www.ifbaiano.edu.br\/unidades\/lapa\/wp-json\/wp\/v2\/posts\/6831"}],"collection":[{"href":"https:\/\/www.ifbaiano.edu.br\/unidades\/lapa\/wp-json\/wp\/v2\/posts"}],"about":[{"href":"https:\/\/www.ifbaiano.edu.br\/unidades\/lapa\/wp-json\/wp\/v2\/types\/post"}],"author":[{"embeddable":true,"href":"https:\/\/www.ifbaiano.edu.br\/unidades\/lapa\/wp-json\/wp\/v2\/users\/36"}],"replies":[{"embeddable":true,"href":"https:\/\/www.ifbaiano.edu.br\/unidades\/lapa\/wp-json\/wp\/v2\/comments?post=6831"}],"version-history":[{"count":5,"href":"https:\/\/www.ifbaiano.edu.br\/unidades\/lapa\/wp-json\/wp\/v2\/posts\/6831\/revisions"}],"predecessor-version":[{"id":6833,"href":"https:\/\/www.ifbaiano.edu.br\/unidades\/lapa\/wp-json\/wp\/v2\/posts\/6831\/revisions\/6833"}],"wp:attachment":[{"href":"https:\/\/www.ifbaiano.edu.br\/unidades\/lapa\/wp-json\/wp\/v2\/media?parent=6831"}],"wp:term":[{"taxonomy":"category","embeddable":true,"href":"https:\/\/www.ifbaiano.edu.br\/unidades\/lapa\/wp-json\/wp\/v2\/categories?post=6831"},{"taxonomy":"post_tag","embeddable":true,"href":"https:\/\/www.ifbaiano.edu.br\/unidades\/lapa\/wp-json\/wp\/v2\/tags?post=6831"}],"curies":[{"name":"wp","href":"https:\/\/api.w.org\/{rel}","templated":true}]}}