{"id":6846,"date":"2016-10-13T22:47:57","date_gmt":"2016-10-14T00:47:57","guid":{"rendered":"http:\/\/www.ifbaiano.edu.br\/unidades\/lapa\/?p=6846"},"modified":"2016-10-13T22:47:57","modified_gmt":"2016-10-14T00:47:57","slug":"campus-bom-jesus-da-lapa-abre-inscricoes-para-especializacao-em-educacao-matematica","status":"publish","type":"post","link":"https:\/\/www.ifbaiano.edu.br\/unidades\/lapa\/2016\/10\/13\/campus-bom-jesus-da-lapa-abre-inscricoes-para-especializacao-em-educacao-matematica\/","title":{"rendered":"Campus Bom Jesus da Lapa abre inscri\u00e7\u00f5es para Especializa\u00e7\u00e3o em Educa\u00e7\u00e3o Matem\u00e1tica"},"content":{"rendered":"<p align=\"JUSTIFY\">No per\u00edodo de 13 a 28 de outubro, o <a href=\"http:\/\/www.ifbaiano.edu.br\/unidades\/lapa\/\">Instituto Federal Baiano \u2013 <\/a><a href=\"http:\/\/www.ifbaiano.edu.br\/unidades\/lapa\/\"><em>Campus<\/em> Bom Jesus da Lapa<\/a> est\u00e1 com inscri\u00e7\u00f5es abertas e gratuitas para o processo seletivo de p\u00f3s-gradua\u00e7\u00e3o <em>lato<\/em> <em>sensu <\/em>em Educa\u00e7\u00e3o Matem\u00e1tica.<\/p>\n<p align=\"JUSTIFY\"><!--more--><\/p>\n<p align=\"JUSTIFY\">Na sele\u00e7\u00e3o, ser\u00e1 ofertada um total de 30 vagas, destinadas a professores, profissionais e graduados em matem\u00e1tica, pedagogia, inform\u00e1tica, f\u00edsica, estat\u00edstica, qu\u00edmica, engenharias, economia, administra\u00e7\u00e3o, ci\u00eancias cont\u00e1beis e licenciados em geral.<\/p>\n<p align=\"JUSTIFY\">Para participar, o interessado dever\u00e1 fazer a inscri\u00e7\u00e3o pelo s\u00edtio eletr\u00f4nico\u00a0www.ifbaiano.edu.br\/unidades\/lapa, anexar e enviar documentos pelo <em>e-mail<\/em> posmatematica@lapa.ifbaiano.edu.br, al\u00e9m de estar atento \u00e0s tr\u00eas etapas do processo: an\u00e1lise do anteprojeto de pesquisa, an\u00e1lise do <em>Curriculum Lattes<\/em> e entrevista.<\/p>\n<p align=\"JUSTIFY\"><a href=\"http:\/\/www.ifbaiano.edu.br\/unidades\/lapa\/selecao-de-estudantes\/\">ACESSEM AQUI A P\u00c1GINA DO CONCURSO E O SISTEMA DE INSCRI\u00c7\u00c3O <\/a><\/p>\n<p align=\"JUSTIFY\">\n","protected":false},"excerpt":{"rendered":"<p>No per\u00edodo de 13 a 28 de outubro, o Instituto Federal Baiano \u2013 Campus Bom Jesus da Lapa est\u00e1 com inscri\u00e7\u00f5es abertas e gratuitas para o processo seletivo de p\u00f3s-gradua\u00e7\u00e3o lato sensu em Educa\u00e7\u00e3o Matem\u00e1tica.<\/p>\n","protected":false},"author":36,"featured_media":0,"comment_status":"open","ping_status":"open","sticky":false,"template":"","format":"standard","meta":[],"categories":[39],"tags":[],"_links":{"self":[{"href":"https:\/\/www.ifbaiano.edu.br\/unidades\/lapa\/wp-json\/wp\/v2\/posts\/6846"}],"collection":[{"href":"https:\/\/www.ifbaiano.edu.br\/unidades\/lapa\/wp-json\/wp\/v2\/posts"}],"about":[{"href":"https:\/\/www.ifbaiano.edu.br\/unidades\/lapa\/wp-json\/wp\/v2\/types\/post"}],"author":[{"embeddable":true,"href":"https:\/\/www.ifbaiano.edu.br\/unidades\/lapa\/wp-json\/wp\/v2\/users\/36"}],"replies":[{"embeddable":true,"href":"https:\/\/www.ifbaiano.edu.br\/unidades\/lapa\/wp-json\/wp\/v2\/comments?post=6846"}],"version-history":[{"count":2,"href":"https:\/\/www.ifbaiano.edu.br\/unidades\/lapa\/wp-json\/wp\/v2\/posts\/6846\/revisions"}],"predecessor-version":[{"id":6848,"href":"https:\/\/www.ifbaiano.edu.br\/unidades\/lapa\/wp-json\/wp\/v2\/posts\/6846\/revisions\/6848"}],"wp:attachment":[{"href":"https:\/\/www.ifbaiano.edu.br\/unidades\/lapa\/wp-json\/wp\/v2\/media?parent=6846"}],"wp:term":[{"taxonomy":"category","embeddable":true,"href":"https:\/\/www.ifbaiano.edu.br\/unidades\/lapa\/wp-json\/wp\/v2\/categories?post=6846"},{"taxonomy":"post_tag","embeddable":true,"href":"https:\/\/www.ifbaiano.edu.br\/unidades\/lapa\/wp-json\/wp\/v2\/tags?post=6846"}],"curies":[{"name":"wp","href":"https:\/\/api.w.org\/{rel}","templated":true}]}}