{"id":6911,"date":"2016-11-07T13:41:37","date_gmt":"2016-11-07T15:41:37","guid":{"rendered":"http:\/\/www.ifbaiano.edu.br\/unidades\/lapa\/?p=6911"},"modified":"2016-11-07T13:41:37","modified_gmt":"2016-11-07T15:41:37","slug":"prorrogadas-inscricoes-da-especializacao-em-educacao-matematica","status":"publish","type":"post","link":"https:\/\/www.ifbaiano.edu.br\/unidades\/lapa\/2016\/11\/07\/prorrogadas-inscricoes-da-especializacao-em-educacao-matematica\/","title":{"rendered":"Prorrogadas Inscri\u00e7\u00f5es da Especializa\u00e7\u00e3o em Educa\u00e7\u00e3o Matem\u00e1tica"},"content":{"rendered":"<p>Comunicamos \u00e0 comunidade que est\u00e3o prorrogadas at\u00e9 o dia 11 de novembro, as inscri\u00e7\u00f5es para do Processo Seletivo da Especializa\u00e7\u00e3o em Educa\u00e7\u00e3o Matem\u00e1tica no \u00e2mbito do Campus Bom Jesus da Lapa.<\/p>\n<p><a href=\"http:\/\/www.ifbaiano.edu.br\/unidades\/lapa\/selecao-de-estudantes\/\">ACESSEM AQUI\u00a0 P\u00c1GINA DO CONCURSO COM MAIORES ORIENTA\u00c7\u00d5ES E COM O SISTEMA DE INSCRI\u00c7\u00d5ES<\/a><\/p>\n<p>Fonte: A comiss\u00e3o<\/p>\n","protected":false},"excerpt":{"rendered":"<p>Comunicamos \u00e0 comunidade que est\u00e3o prorrogadas at\u00e9 o dia 11 de novembro, as inscri\u00e7\u00f5es para do Processo Seletivo da Especializa\u00e7\u00e3o em Educa\u00e7\u00e3o Matem\u00e1tica no \u00e2mbito do Campus Bom Jesus da Lapa. ACESSEM AQUI\u00a0 P\u00c1GINA DO CONCURSO COM MAIORES ORIENTA\u00c7\u00d5ES E COM O SISTEMA DE INSCRI\u00c7\u00d5ES Fonte: A comiss\u00e3o<\/p>\n","protected":false},"author":36,"featured_media":0,"comment_status":"open","ping_status":"open","sticky":false,"template":"","format":"standard","meta":[],"categories":[39],"tags":[],"_links":{"self":[{"href":"https:\/\/www.ifbaiano.edu.br\/unidades\/lapa\/wp-json\/wp\/v2\/posts\/6911"}],"collection":[{"href":"https:\/\/www.ifbaiano.edu.br\/unidades\/lapa\/wp-json\/wp\/v2\/posts"}],"about":[{"href":"https:\/\/www.ifbaiano.edu.br\/unidades\/lapa\/wp-json\/wp\/v2\/types\/post"}],"author":[{"embeddable":true,"href":"https:\/\/www.ifbaiano.edu.br\/unidades\/lapa\/wp-json\/wp\/v2\/users\/36"}],"replies":[{"embeddable":true,"href":"https:\/\/www.ifbaiano.edu.br\/unidades\/lapa\/wp-json\/wp\/v2\/comments?post=6911"}],"version-history":[{"count":1,"href":"https:\/\/www.ifbaiano.edu.br\/unidades\/lapa\/wp-json\/wp\/v2\/posts\/6911\/revisions"}],"predecessor-version":[{"id":6912,"href":"https:\/\/www.ifbaiano.edu.br\/unidades\/lapa\/wp-json\/wp\/v2\/posts\/6911\/revisions\/6912"}],"wp:attachment":[{"href":"https:\/\/www.ifbaiano.edu.br\/unidades\/lapa\/wp-json\/wp\/v2\/media?parent=6911"}],"wp:term":[{"taxonomy":"category","embeddable":true,"href":"https:\/\/www.ifbaiano.edu.br\/unidades\/lapa\/wp-json\/wp\/v2\/categories?post=6911"},{"taxonomy":"post_tag","embeddable":true,"href":"https:\/\/www.ifbaiano.edu.br\/unidades\/lapa\/wp-json\/wp\/v2\/tags?post=6911"}],"curies":[{"name":"wp","href":"https:\/\/api.w.org\/{rel}","templated":true}]}}