{"id":6943,"date":"2016-11-14T20:42:32","date_gmt":"2016-11-14T22:42:32","guid":{"rendered":"http:\/\/www.ifbaiano.edu.br\/unidades\/lapa\/?p=6943"},"modified":"2016-11-25T00:24:19","modified_gmt":"2016-11-25T02:24:19","slug":"publicada-homologacao-das-inscricoes-para-a-especializacao-em-educacao-matematica","status":"publish","type":"post","link":"https:\/\/www.ifbaiano.edu.br\/unidades\/lapa\/2016\/11\/14\/publicada-homologacao-das-inscricoes-para-a-especializacao-em-educacao-matematica\/","title":{"rendered":"Publicada homologa\u00e7\u00e3o das inscri\u00e7\u00f5es para a Especializa\u00e7\u00e3o em Educa\u00e7\u00e3o Matem\u00e1tica (Retificada)"},"content":{"rendered":"<p>A comiss\u00e3o respons\u00e1vel pelo Processo Seletivo para a Especializa\u00e7\u00e3o em Educa\u00e7\u00e3o Matem\u00e1tica, institu\u00edda pela Portaria 082\/2016, de 08 de novembro de 2016, torna p\u00fablica a homologa\u00e7\u00e3o das inscri\u00e7\u00f5es. Na oportunidade, comunicamos, que em conformidade com o cronograma retificado, o resultado da 1\u00aa e 2\u00aa fase ser\u00e1 publicado no dia 24\/11\/2016, juntamente com a lista de convoca\u00e7\u00e3o das entrevistas, com os respectivos dias e hor\u00e1rios. Pedimos que todos os candidatos fiquem atentos aos prazos estipulados.<\/p>\n<p><a href=\"http:\/\/www.ifbaiano.edu.br\/unidades\/lapa\/selecao-de-estudantes\/\">ACESSE AQUI A HOMOLOGA\u00c7\u00c3O DAS INSCRI\u00c7\u00d5ES\u00a0 <\/a><\/p>\n","protected":false},"excerpt":{"rendered":"<p>A comiss\u00e3o respons\u00e1vel pelo Processo Seletivo para a Especializa\u00e7\u00e3o em Educa\u00e7\u00e3o Matem\u00e1tica, institu\u00edda pela Portaria 082\/2016, de 08 de novembro de 2016, torna p\u00fablica a homologa\u00e7\u00e3o das inscri\u00e7\u00f5es. Na oportunidade, comunicamos, que em conformidade com o cronograma retificado, o resultado da 1\u00aa e 2\u00aa fase ser\u00e1 publicado no dia 24\/11\/2016, juntamente com a lista de [&hellip;]<\/p>\n","protected":false},"author":36,"featured_media":0,"comment_status":"open","ping_status":"open","sticky":false,"template":"","format":"standard","meta":[],"categories":[39],"tags":[],"_links":{"self":[{"href":"https:\/\/www.ifbaiano.edu.br\/unidades\/lapa\/wp-json\/wp\/v2\/posts\/6943"}],"collection":[{"href":"https:\/\/www.ifbaiano.edu.br\/unidades\/lapa\/wp-json\/wp\/v2\/posts"}],"about":[{"href":"https:\/\/www.ifbaiano.edu.br\/unidades\/lapa\/wp-json\/wp\/v2\/types\/post"}],"author":[{"embeddable":true,"href":"https:\/\/www.ifbaiano.edu.br\/unidades\/lapa\/wp-json\/wp\/v2\/users\/36"}],"replies":[{"embeddable":true,"href":"https:\/\/www.ifbaiano.edu.br\/unidades\/lapa\/wp-json\/wp\/v2\/comments?post=6943"}],"version-history":[{"count":2,"href":"https:\/\/www.ifbaiano.edu.br\/unidades\/lapa\/wp-json\/wp\/v2\/posts\/6943\/revisions"}],"predecessor-version":[{"id":6950,"href":"https:\/\/www.ifbaiano.edu.br\/unidades\/lapa\/wp-json\/wp\/v2\/posts\/6943\/revisions\/6950"}],"wp:attachment":[{"href":"https:\/\/www.ifbaiano.edu.br\/unidades\/lapa\/wp-json\/wp\/v2\/media?parent=6943"}],"wp:term":[{"taxonomy":"category","embeddable":true,"href":"https:\/\/www.ifbaiano.edu.br\/unidades\/lapa\/wp-json\/wp\/v2\/categories?post=6943"},{"taxonomy":"post_tag","embeddable":true,"href":"https:\/\/www.ifbaiano.edu.br\/unidades\/lapa\/wp-json\/wp\/v2\/tags?post=6943"}],"curies":[{"name":"wp","href":"https:\/\/api.w.org\/{rel}","templated":true}]}}