{"id":695,"date":"2012-11-09T18:24:53","date_gmt":"2012-11-09T20:24:53","guid":{"rendered":"http:\/\/www.ifbaiano.edu.br\/unidades\/lapa\/?p=695"},"modified":"2012-11-09T18:25:30","modified_gmt":"2012-11-09T20:25:30","slug":"novas-designacoes-campus-bom-jesus-da-lapa","status":"publish","type":"post","link":"https:\/\/www.ifbaiano.edu.br\/unidades\/lapa\/2012\/11\/09\/novas-designacoes-campus-bom-jesus-da-lapa\/","title":{"rendered":"Novas Designa\u00e7\u00f5es Campus Bom Jesus da Lapa"},"content":{"rendered":"<p>As\u00a0Coordena\u00e7\u00f5es do N\u00facleo de Licita\u00e7\u00f5es e Gest\u00e3o de Pessoas est\u00e3o sob nova responsabilidade.<\/p>\n<p>&nbsp;<\/p>\n<p><!--more--><\/p>\n<p>Com a sa\u00edda do servidor Fabr\u00edcio da Silva Lima,\u00a0 a servidora Gislane de Oliveira Costa assumiu o N\u00facleo de Licita\u00e7\u00f5es. Por conseguinte, o N\u00facleo de Apoio \u00e0 Gest\u00e3o de Pessoas do Campus ficou sob a responsabilidade da servidora Mileide de Souza Carvalho.<\/p>\n<p>Confira a portaria de designa\u00e7\u00e3o clicando <a href=\"http:\/\/www.ifbaiano.edu.br\/unidades\/lapa\/files\/2012\/11\/designacoes.pdf\">aqui<\/a><\/p>\n<p>&nbsp;<\/p>\n<p>&nbsp;<\/p>\n<p>&nbsp;<\/p>\n","protected":false},"excerpt":{"rendered":"<p>As\u00a0Coordena\u00e7\u00f5es do N\u00facleo de Licita\u00e7\u00f5es e Gest\u00e3o de Pessoas est\u00e3o sob nova responsabilidade. &nbsp;<\/p>\n","protected":false},"author":23,"featured_media":0,"comment_status":"open","ping_status":"open","sticky":false,"template":"","format":"standard","meta":[],"categories":[38],"tags":[],"_links":{"self":[{"href":"https:\/\/www.ifbaiano.edu.br\/unidades\/lapa\/wp-json\/wp\/v2\/posts\/695"}],"collection":[{"href":"https:\/\/www.ifbaiano.edu.br\/unidades\/lapa\/wp-json\/wp\/v2\/posts"}],"about":[{"href":"https:\/\/www.ifbaiano.edu.br\/unidades\/lapa\/wp-json\/wp\/v2\/types\/post"}],"author":[{"embeddable":true,"href":"https:\/\/www.ifbaiano.edu.br\/unidades\/lapa\/wp-json\/wp\/v2\/users\/23"}],"replies":[{"embeddable":true,"href":"https:\/\/www.ifbaiano.edu.br\/unidades\/lapa\/wp-json\/wp\/v2\/comments?post=695"}],"version-history":[{"count":3,"href":"https:\/\/www.ifbaiano.edu.br\/unidades\/lapa\/wp-json\/wp\/v2\/posts\/695\/revisions"}],"predecessor-version":[{"id":699,"href":"https:\/\/www.ifbaiano.edu.br\/unidades\/lapa\/wp-json\/wp\/v2\/posts\/695\/revisions\/699"}],"wp:attachment":[{"href":"https:\/\/www.ifbaiano.edu.br\/unidades\/lapa\/wp-json\/wp\/v2\/media?parent=695"}],"wp:term":[{"taxonomy":"category","embeddable":true,"href":"https:\/\/www.ifbaiano.edu.br\/unidades\/lapa\/wp-json\/wp\/v2\/categories?post=695"},{"taxonomy":"post_tag","embeddable":true,"href":"https:\/\/www.ifbaiano.edu.br\/unidades\/lapa\/wp-json\/wp\/v2\/tags?post=695"}],"curies":[{"name":"wp","href":"https:\/\/api.w.org\/{rel}","templated":true}]}}