{"id":6951,"date":"2016-11-25T00:28:41","date_gmt":"2016-11-25T02:28:41","guid":{"rendered":"http:\/\/www.ifbaiano.edu.br\/unidades\/lapa\/?p=6951"},"modified":"2016-11-25T00:28:41","modified_gmt":"2016-11-25T02:28:41","slug":"nota-informativa-publicacao-do-resultado-da-1a-e-2a-fase-da-especializacao-em-educacao-matematica","status":"publish","type":"post","link":"https:\/\/www.ifbaiano.edu.br\/unidades\/lapa\/2016\/11\/25\/nota-informativa-publicacao-do-resultado-da-1a-e-2a-fase-da-especializacao-em-educacao-matematica\/","title":{"rendered":"Nota Informativa: Publica\u00e7\u00e3o do Resultado da 1\u00aa e 2\u00aa fase da Especializa\u00e7\u00e3o em Educa\u00e7\u00e3o Matem\u00e1tica"},"content":{"rendered":"<p>A Comiss\u00e3o de Sele\u00e7\u00e3o de Estudantes para a Especializa\u00e7\u00e3o em Educa\u00e7\u00e3o Matem\u00e1tica comunica que o resultado da 1\u00aa e 2\u00aa fase ser\u00e1 publicado no dia 25\/11\/2016, \u00e0 partir das 15 horas.<\/p>\n<p>&nbsp;<\/p>\n<p>&nbsp;<\/p>\n<p>Fonte: Comiss\u00e3o de Sele\u00e7\u00e3o<\/p>\n","protected":false},"excerpt":{"rendered":"<p>A Comiss\u00e3o de Sele\u00e7\u00e3o de Estudantes para a Especializa\u00e7\u00e3o em Educa\u00e7\u00e3o Matem\u00e1tica comunica que o resultado da 1\u00aa e 2\u00aa fase ser\u00e1 publicado no dia 25\/11\/2016, \u00e0 partir das 15 horas. &nbsp; &nbsp; Fonte: Comiss\u00e3o de Sele\u00e7\u00e3o<\/p>\n","protected":false},"author":36,"featured_media":0,"comment_status":"open","ping_status":"open","sticky":false,"template":"","format":"standard","meta":[],"categories":[39],"tags":[],"_links":{"self":[{"href":"https:\/\/www.ifbaiano.edu.br\/unidades\/lapa\/wp-json\/wp\/v2\/posts\/6951"}],"collection":[{"href":"https:\/\/www.ifbaiano.edu.br\/unidades\/lapa\/wp-json\/wp\/v2\/posts"}],"about":[{"href":"https:\/\/www.ifbaiano.edu.br\/unidades\/lapa\/wp-json\/wp\/v2\/types\/post"}],"author":[{"embeddable":true,"href":"https:\/\/www.ifbaiano.edu.br\/unidades\/lapa\/wp-json\/wp\/v2\/users\/36"}],"replies":[{"embeddable":true,"href":"https:\/\/www.ifbaiano.edu.br\/unidades\/lapa\/wp-json\/wp\/v2\/comments?post=6951"}],"version-history":[{"count":1,"href":"https:\/\/www.ifbaiano.edu.br\/unidades\/lapa\/wp-json\/wp\/v2\/posts\/6951\/revisions"}],"predecessor-version":[{"id":6952,"href":"https:\/\/www.ifbaiano.edu.br\/unidades\/lapa\/wp-json\/wp\/v2\/posts\/6951\/revisions\/6952"}],"wp:attachment":[{"href":"https:\/\/www.ifbaiano.edu.br\/unidades\/lapa\/wp-json\/wp\/v2\/media?parent=6951"}],"wp:term":[{"taxonomy":"category","embeddable":true,"href":"https:\/\/www.ifbaiano.edu.br\/unidades\/lapa\/wp-json\/wp\/v2\/categories?post=6951"},{"taxonomy":"post_tag","embeddable":true,"href":"https:\/\/www.ifbaiano.edu.br\/unidades\/lapa\/wp-json\/wp\/v2\/tags?post=6951"}],"curies":[{"name":"wp","href":"https:\/\/api.w.org\/{rel}","templated":true}]}}