{"id":6956,"date":"2016-11-25T17:30:26","date_gmt":"2016-11-25T19:30:26","guid":{"rendered":"http:\/\/www.ifbaiano.edu.br\/unidades\/lapa\/?p=6956"},"modified":"2016-11-25T17:33:35","modified_gmt":"2016-11-25T19:33:35","slug":"publicado-resultado-da-1a-e-2a-fases-e-cronograma-de-entrevistas-da-especializacao-em-educacao-matematica","status":"publish","type":"post","link":"https:\/\/www.ifbaiano.edu.br\/unidades\/lapa\/2016\/11\/25\/publicado-resultado-da-1a-e-2a-fases-e-cronograma-de-entrevistas-da-especializacao-em-educacao-matematica\/","title":{"rendered":"Publicado Resultado da 1\u00aa e 2\u00aa fases e Cronograma de Entrevistas da Especializa\u00e7\u00e3o em Educa\u00e7\u00e3o Matem\u00e1tica"},"content":{"rendered":"<p>A Comiss\u00e3o respons\u00e1vel pelo Processo Seletivo da Especializa\u00e7\u00e3o em Educa\u00e7\u00e3o Matem\u00e1tica do Campus Bom Jesus da Lapa, regido pelo Edital 11\/2016, torna p\u00fablico o resultado da 1\u00aa e 2\u00aa fase e o cronograma das entrevistas que ser\u00e3o realizadas nos dias 29 e 30 de novembro de 2016.<\/p>\n<p><a href=\"http:\/\/www.ifbaiano.edu.br\/unidades\/lapa\/files\/2016\/07\/resultado-primeira-fase.pdf\">ACESSEM AQUI O RESULTADO DA PRIMEIRA E SEGUNDA FASE <\/a><\/p>\n<p><a href=\"http:\/\/www.ifbaiano.edu.br\/unidades\/lapa\/files\/2016\/07\/cronograma-entrevistas.pdf\">ACESSEM AQUI O CRONOGRAMA DE ENTREVISTAS<\/a><\/p>\n<p>\u00c9 importante ressaltar que no ato da entrevista, o candidato precisa apresentar documento de identifica\u00e7\u00e3o com foto.<\/p>\n<p>Conforme item 3.5 do Edital de Sele\u00e7\u00e3o, no ato da entrevista o candidato dever\u00e1 os documentos originais e ou comprobat\u00f3rios do Curriculum Lattes.<\/p>\n<p><strong>Fonte<\/strong>: Comiss\u00e3o de Sele\u00e7\u00e3o<\/p>\n","protected":false},"excerpt":{"rendered":"<p>A Comiss\u00e3o respons\u00e1vel pelo Processo Seletivo da Especializa\u00e7\u00e3o em Educa\u00e7\u00e3o Matem\u00e1tica do Campus Bom Jesus da Lapa, regido pelo Edital 11\/2016, torna p\u00fablico o resultado da 1\u00aa e 2\u00aa fase e o cronograma das entrevistas que ser\u00e3o realizadas nos dias 29 e 30 de novembro de 2016. ACESSEM AQUI O RESULTADO DA PRIMEIRA E SEGUNDA [&hellip;]<\/p>\n","protected":false},"author":36,"featured_media":0,"comment_status":"open","ping_status":"open","sticky":false,"template":"","format":"standard","meta":[],"categories":[39],"tags":[],"_links":{"self":[{"href":"https:\/\/www.ifbaiano.edu.br\/unidades\/lapa\/wp-json\/wp\/v2\/posts\/6956"}],"collection":[{"href":"https:\/\/www.ifbaiano.edu.br\/unidades\/lapa\/wp-json\/wp\/v2\/posts"}],"about":[{"href":"https:\/\/www.ifbaiano.edu.br\/unidades\/lapa\/wp-json\/wp\/v2\/types\/post"}],"author":[{"embeddable":true,"href":"https:\/\/www.ifbaiano.edu.br\/unidades\/lapa\/wp-json\/wp\/v2\/users\/36"}],"replies":[{"embeddable":true,"href":"https:\/\/www.ifbaiano.edu.br\/unidades\/lapa\/wp-json\/wp\/v2\/comments?post=6956"}],"version-history":[{"count":1,"href":"https:\/\/www.ifbaiano.edu.br\/unidades\/lapa\/wp-json\/wp\/v2\/posts\/6956\/revisions"}],"predecessor-version":[{"id":6957,"href":"https:\/\/www.ifbaiano.edu.br\/unidades\/lapa\/wp-json\/wp\/v2\/posts\/6956\/revisions\/6957"}],"wp:attachment":[{"href":"https:\/\/www.ifbaiano.edu.br\/unidades\/lapa\/wp-json\/wp\/v2\/media?parent=6956"}],"wp:term":[{"taxonomy":"category","embeddable":true,"href":"https:\/\/www.ifbaiano.edu.br\/unidades\/lapa\/wp-json\/wp\/v2\/categories?post=6956"},{"taxonomy":"post_tag","embeddable":true,"href":"https:\/\/www.ifbaiano.edu.br\/unidades\/lapa\/wp-json\/wp\/v2\/tags?post=6956"}],"curies":[{"name":"wp","href":"https:\/\/api.w.org\/{rel}","templated":true}]}}