{"id":6965,"date":"2016-12-02T14:17:16","date_gmt":"2016-12-02T16:17:16","guid":{"rendered":"http:\/\/www.ifbaiano.edu.br\/unidades\/lapa\/?p=6965"},"modified":"2016-12-08T16:00:39","modified_gmt":"2016-12-08T18:00:39","slug":"publicado-resultado-preliminar-da-selecao-para-a-especializacao-em-educacao-matematica","status":"publish","type":"post","link":"https:\/\/www.ifbaiano.edu.br\/unidades\/lapa\/2016\/12\/02\/publicado-resultado-preliminar-da-selecao-para-a-especializacao-em-educacao-matematica\/","title":{"rendered":"Publicado Resultado Final da Sele\u00e7\u00e3o para a Especializa\u00e7\u00e3o em Educa\u00e7\u00e3o Matem\u00e1tica"},"content":{"rendered":"<p>A Comiss\u00e3o respons\u00e1vel pela Sele\u00e7\u00e3o de Estudantes para a Especializa\u00e7\u00e3o em Educa\u00e7\u00e3o Matem\u00e1tica torna p\u00fablico o resultado final do processo.<\/p>\n<p><a href=\"http:\/\/www.ifbaiano.edu.br\/unidades\/lapa\/selecao-de-estudantes\/\">ACESSEM AQUI A P\u00c1GINA DO CONCURSO COM O RESULTADO<\/a><\/p>\n<p>&nbsp;<\/p>\n<p><strong>Fonte<\/strong>: Comiss\u00e3o Local &#8211; Campus Bom Jesus da Lapa<\/p>\n","protected":false},"excerpt":{"rendered":"<p>A Comiss\u00e3o respons\u00e1vel pela Sele\u00e7\u00e3o de Estudantes para a Especializa\u00e7\u00e3o em Educa\u00e7\u00e3o Matem\u00e1tica torna p\u00fablico o resultado final do processo. ACESSEM AQUI A P\u00c1GINA DO CONCURSO COM O RESULTADO &nbsp; Fonte: Comiss\u00e3o Local &#8211; Campus Bom Jesus da Lapa<\/p>\n","protected":false},"author":36,"featured_media":0,"comment_status":"open","ping_status":"open","sticky":false,"template":"","format":"standard","meta":[],"categories":[39],"tags":[],"_links":{"self":[{"href":"https:\/\/www.ifbaiano.edu.br\/unidades\/lapa\/wp-json\/wp\/v2\/posts\/6965"}],"collection":[{"href":"https:\/\/www.ifbaiano.edu.br\/unidades\/lapa\/wp-json\/wp\/v2\/posts"}],"about":[{"href":"https:\/\/www.ifbaiano.edu.br\/unidades\/lapa\/wp-json\/wp\/v2\/types\/post"}],"author":[{"embeddable":true,"href":"https:\/\/www.ifbaiano.edu.br\/unidades\/lapa\/wp-json\/wp\/v2\/users\/36"}],"replies":[{"embeddable":true,"href":"https:\/\/www.ifbaiano.edu.br\/unidades\/lapa\/wp-json\/wp\/v2\/comments?post=6965"}],"version-history":[{"count":2,"href":"https:\/\/www.ifbaiano.edu.br\/unidades\/lapa\/wp-json\/wp\/v2\/posts\/6965\/revisions"}],"predecessor-version":[{"id":6995,"href":"https:\/\/www.ifbaiano.edu.br\/unidades\/lapa\/wp-json\/wp\/v2\/posts\/6965\/revisions\/6995"}],"wp:attachment":[{"href":"https:\/\/www.ifbaiano.edu.br\/unidades\/lapa\/wp-json\/wp\/v2\/media?parent=6965"}],"wp:term":[{"taxonomy":"category","embeddable":true,"href":"https:\/\/www.ifbaiano.edu.br\/unidades\/lapa\/wp-json\/wp\/v2\/categories?post=6965"},{"taxonomy":"post_tag","embeddable":true,"href":"https:\/\/www.ifbaiano.edu.br\/unidades\/lapa\/wp-json\/wp\/v2\/tags?post=6965"}],"curies":[{"name":"wp","href":"https:\/\/api.w.org\/{rel}","templated":true}]}}