{"id":6967,"date":"2016-12-02T15:40:30","date_gmt":"2016-12-02T17:40:30","guid":{"rendered":"http:\/\/www.ifbaiano.edu.br\/unidades\/lapa\/?p=6967"},"modified":"2017-01-19T12:05:52","modified_gmt":"2017-01-19T14:05:52","slug":"comunicado-sobre-o-retorno-das-aulas-campus-bom-jesus-da-lapa","status":"publish","type":"post","link":"https:\/\/www.ifbaiano.edu.br\/unidades\/lapa\/2016\/12\/02\/comunicado-sobre-o-retorno-das-aulas-campus-bom-jesus-da-lapa\/","title":{"rendered":"Comunicado sobre o retorno das aulas &#8211; Campus Bom Jesus da Lapa"},"content":{"rendered":"<div>A Dire\u00e7\u00e3o Acad\u00eamica do Campus Bom Jesus da Lapa comunica que, em conformidade com a delibera\u00e7\u00e3o da Assembleia estudantil realizada nesta data, <span id=\"OBJ_PREFIX_DWT20_com_zimbra_date\" class=\"Object\">02\/12\/16<\/span>,\u00a0 as aulas ser\u00e3o retomadas na pr\u00f3xima ter\u00e7a-feira, dia 06 de dezembro de 2016.\u00a0 Na oportunidade, a comunidade acad\u00eamica conhecer\u00e1 o Calend\u00e1rio de reposi\u00e7\u00e3o das aulas referentes ao per\u00edodo de ocupa\u00e7\u00e3o.<\/div>\n<div><\/div>\n<div><\/div>\n<div><strong>Fonte<\/strong>: Diretoria Acad\u00eamica<\/div>\n","protected":false},"excerpt":{"rendered":"<p>A Dire\u00e7\u00e3o Acad\u00eamica do Campus Bom Jesus da Lapa comunica que, em conformidade com a delibera\u00e7\u00e3o da Assembleia estudantil realizada nesta data, 02\/12\/16,\u00a0 as aulas ser\u00e3o retomadas na pr\u00f3xima ter\u00e7a-feira, dia 06 de dezembro de 2016.\u00a0 Na oportunidade, a comunidade acad\u00eamica conhecer\u00e1 o Calend\u00e1rio de reposi\u00e7\u00e3o das aulas referentes ao per\u00edodo de ocupa\u00e7\u00e3o. Fonte: Diretoria [&hellip;]<\/p>\n","protected":false},"author":36,"featured_media":0,"comment_status":"open","ping_status":"open","sticky":false,"template":"","format":"standard","meta":[],"categories":[24],"tags":[],"_links":{"self":[{"href":"https:\/\/www.ifbaiano.edu.br\/unidades\/lapa\/wp-json\/wp\/v2\/posts\/6967"}],"collection":[{"href":"https:\/\/www.ifbaiano.edu.br\/unidades\/lapa\/wp-json\/wp\/v2\/posts"}],"about":[{"href":"https:\/\/www.ifbaiano.edu.br\/unidades\/lapa\/wp-json\/wp\/v2\/types\/post"}],"author":[{"embeddable":true,"href":"https:\/\/www.ifbaiano.edu.br\/unidades\/lapa\/wp-json\/wp\/v2\/users\/36"}],"replies":[{"embeddable":true,"href":"https:\/\/www.ifbaiano.edu.br\/unidades\/lapa\/wp-json\/wp\/v2\/comments?post=6967"}],"version-history":[{"count":3,"href":"https:\/\/www.ifbaiano.edu.br\/unidades\/lapa\/wp-json\/wp\/v2\/posts\/6967\/revisions"}],"predecessor-version":[{"id":6970,"href":"https:\/\/www.ifbaiano.edu.br\/unidades\/lapa\/wp-json\/wp\/v2\/posts\/6967\/revisions\/6970"}],"wp:attachment":[{"href":"https:\/\/www.ifbaiano.edu.br\/unidades\/lapa\/wp-json\/wp\/v2\/media?parent=6967"}],"wp:term":[{"taxonomy":"category","embeddable":true,"href":"https:\/\/www.ifbaiano.edu.br\/unidades\/lapa\/wp-json\/wp\/v2\/categories?post=6967"},{"taxonomy":"post_tag","embeddable":true,"href":"https:\/\/www.ifbaiano.edu.br\/unidades\/lapa\/wp-json\/wp\/v2\/tags?post=6967"}],"curies":[{"name":"wp","href":"https:\/\/api.w.org\/{rel}","templated":true}]}}