{"id":6998,"date":"2016-12-08T17:42:42","date_gmt":"2016-12-08T19:42:42","guid":{"rendered":"http:\/\/www.ifbaiano.edu.br\/unidades\/lapa\/?p=6998"},"modified":"2017-01-19T12:05:29","modified_gmt":"2017-01-19T14:05:29","slug":"publicado-edital-de-matriculas-da-especializacao-em-educacao-matematica","status":"publish","type":"post","link":"https:\/\/www.ifbaiano.edu.br\/unidades\/lapa\/2016\/12\/08\/publicado-edital-de-matriculas-da-especializacao-em-educacao-matematica\/","title":{"rendered":"Publicado Edital de Matr\u00edculas da Especializa\u00e7\u00e3o em Educa\u00e7\u00e3o Matem\u00e1tica"},"content":{"rendered":"<p>A Dire\u00e7\u00e3o Geral do Campus Bom Jesus da Lapa e a Diretoria Acad\u00eamica tornam p\u00fablico o Edital de Matr\u00edculas da especializa\u00e7\u00e3o em Educa\u00e7\u00e3o do Campo. Fiquem todos atentos aos prazos e aos documentos necess\u00e1rios.<\/p>\n<p><a href=\"http:\/\/www.ifbaiano.edu.br\/unidades\/lapa\/files\/2016\/07\/edital-matriculas.pdf\">ACESSEM AQUI O EDITAL <\/a><\/p>\n<p>Fonte: Assessoria da Especializa\u00e7\u00e3o<\/p>\n<p>&nbsp;<\/p>\n","protected":false},"excerpt":{"rendered":"<p>A Dire\u00e7\u00e3o Geral do Campus Bom Jesus da Lapa e a Diretoria Acad\u00eamica tornam p\u00fablico o Edital de Matr\u00edculas da especializa\u00e7\u00e3o em Educa\u00e7\u00e3o do Campo. Fiquem todos atentos aos prazos e aos documentos necess\u00e1rios. ACESSEM AQUI O EDITAL Fonte: Assessoria da Especializa\u00e7\u00e3o &nbsp;<\/p>\n","protected":false},"author":36,"featured_media":0,"comment_status":"open","ping_status":"open","sticky":false,"template":"","format":"standard","meta":[],"categories":[24],"tags":[],"_links":{"self":[{"href":"https:\/\/www.ifbaiano.edu.br\/unidades\/lapa\/wp-json\/wp\/v2\/posts\/6998"}],"collection":[{"href":"https:\/\/www.ifbaiano.edu.br\/unidades\/lapa\/wp-json\/wp\/v2\/posts"}],"about":[{"href":"https:\/\/www.ifbaiano.edu.br\/unidades\/lapa\/wp-json\/wp\/v2\/types\/post"}],"author":[{"embeddable":true,"href":"https:\/\/www.ifbaiano.edu.br\/unidades\/lapa\/wp-json\/wp\/v2\/users\/36"}],"replies":[{"embeddable":true,"href":"https:\/\/www.ifbaiano.edu.br\/unidades\/lapa\/wp-json\/wp\/v2\/comments?post=6998"}],"version-history":[{"count":1,"href":"https:\/\/www.ifbaiano.edu.br\/unidades\/lapa\/wp-json\/wp\/v2\/posts\/6998\/revisions"}],"predecessor-version":[{"id":6999,"href":"https:\/\/www.ifbaiano.edu.br\/unidades\/lapa\/wp-json\/wp\/v2\/posts\/6998\/revisions\/6999"}],"wp:attachment":[{"href":"https:\/\/www.ifbaiano.edu.br\/unidades\/lapa\/wp-json\/wp\/v2\/media?parent=6998"}],"wp:term":[{"taxonomy":"category","embeddable":true,"href":"https:\/\/www.ifbaiano.edu.br\/unidades\/lapa\/wp-json\/wp\/v2\/categories?post=6998"},{"taxonomy":"post_tag","embeddable":true,"href":"https:\/\/www.ifbaiano.edu.br\/unidades\/lapa\/wp-json\/wp\/v2\/tags?post=6998"}],"curies":[{"name":"wp","href":"https:\/\/api.w.org\/{rel}","templated":true}]}}