{"id":70,"date":"2011-05-09T17:59:36","date_gmt":"2011-05-09T17:59:36","guid":{"rendered":"http:\/\/localhost\/unidades\/bonfim\/?p=6"},"modified":"2011-05-09T17:59:36","modified_gmt":"2011-05-09T17:59:36","slug":"lancamento-do-ano-internacional-de-quimica-na-bahia","status":"publish","type":"post","link":"https:\/\/www.ifbaiano.edu.br\/unidades\/lapa\/2011\/05\/09\/lancamento-do-ano-internacional-de-quimica-na-bahia\/","title":{"rendered":"Lan\u00e7amento do Ano internacional de Qu\u00edmica na Bahia"},"content":{"rendered":"<p>A Secretaria da Educa\u00e7\u00e3o do Estado da Bahia, em parceria com a Sociedade Brasileira de Qu\u00edmica, convida toda comunidade para o Lan\u00e7amento do Ano Internacional da Qu\u00edmica \u2013 AIQ 2011. O lan\u00e7amento ser\u00e1 realizado no dia 13 de maio de 14 as 16 horas, na sala de videoconfer\u00eancia do Instituto An\u00edsio Teixeira ( IAT).<\/p>\n<p>O evento ser\u00e1 transmitido para todas as salas de Videoconfer\u00eancia do Estado para que alunos e professores das escolas possam conhecer e participar do\u00a0<em>Experimento Global: ph do Planeta<\/em>, esse experimento visa prover o desenvolvimento do esp\u00edrito cient\u00edfico dos jovens.<\/p>\n<p>&nbsp;<\/p>\n","protected":false},"excerpt":{"rendered":"<p>A Secretaria da Educa\u00e7\u00e3o do Estado da Bahia, em parceria com a Sociedade Brasileira de Qu\u00edmica, convida toda comunidade para o Lan\u00e7amento do Ano Internacional da Qu\u00edmica \u2013 AIQ 2011. O lan\u00e7amento ser\u00e1 realizado no dia 13 de maio de 14 as 16 horas, na sala de videoconfer\u00eancia do Instituto An\u00edsio Teixeira ( IAT). O [&hellip;]<\/p>\n","protected":false},"author":1,"featured_media":0,"comment_status":"open","ping_status":"open","sticky":false,"template":"","format":"standard","meta":[],"categories":[1],"tags":[],"_links":{"self":[{"href":"https:\/\/www.ifbaiano.edu.br\/unidades\/lapa\/wp-json\/wp\/v2\/posts\/70"}],"collection":[{"href":"https:\/\/www.ifbaiano.edu.br\/unidades\/lapa\/wp-json\/wp\/v2\/posts"}],"about":[{"href":"https:\/\/www.ifbaiano.edu.br\/unidades\/lapa\/wp-json\/wp\/v2\/types\/post"}],"author":[{"embeddable":true,"href":"https:\/\/www.ifbaiano.edu.br\/unidades\/lapa\/wp-json\/wp\/v2\/users\/1"}],"replies":[{"embeddable":true,"href":"https:\/\/www.ifbaiano.edu.br\/unidades\/lapa\/wp-json\/wp\/v2\/comments?post=70"}],"version-history":[{"count":0,"href":"https:\/\/www.ifbaiano.edu.br\/unidades\/lapa\/wp-json\/wp\/v2\/posts\/70\/revisions"}],"wp:attachment":[{"href":"https:\/\/www.ifbaiano.edu.br\/unidades\/lapa\/wp-json\/wp\/v2\/media?parent=70"}],"wp:term":[{"taxonomy":"category","embeddable":true,"href":"https:\/\/www.ifbaiano.edu.br\/unidades\/lapa\/wp-json\/wp\/v2\/categories?post=70"},{"taxonomy":"post_tag","embeddable":true,"href":"https:\/\/www.ifbaiano.edu.br\/unidades\/lapa\/wp-json\/wp\/v2\/tags?post=70"}],"curies":[{"name":"wp","href":"https:\/\/api.w.org\/{rel}","templated":true}]}}