{"id":7005,"date":"2016-12-13T17:36:27","date_gmt":"2016-12-13T19:36:27","guid":{"rendered":"http:\/\/www.ifbaiano.edu.br\/unidades\/lapa\/?p=7005"},"modified":"2017-01-19T12:04:52","modified_gmt":"2017-01-19T14:04:52","slug":"publicada-terceira-chamada-de-matriculas-da-especializacao-em-educacao-do-campo","status":"publish","type":"post","link":"https:\/\/www.ifbaiano.edu.br\/unidades\/lapa\/2016\/12\/13\/publicada-terceira-chamada-de-matriculas-da-especializacao-em-educacao-do-campo\/","title":{"rendered":"Publicada Terceira Chamada de Matr\u00edculas da Especializa\u00e7\u00e3o em Educa\u00e7\u00e3o do Campo"},"content":{"rendered":"<p>Comunicamos \u00e0 comunidade a publica\u00e7\u00e3o da Terceira Chamada de matr\u00edculas da Especializa\u00e7\u00e3o em Educa\u00e7\u00e3o do Campo. S\u00e3o duas vagas!<\/p>\n<p>&nbsp;<\/p>\n<p><a href=\"http:\/\/www.ifbaiano.edu.br\/unidades\/lapa\/files\/2016\/07\/Terceira-chamada-de-matr%C3%ADculas.pdf\">Acessem aqui o Edital de Terceira Chamada com a lista de documentos para matr\u00edculas<\/a><\/p>\n<p>&nbsp;<\/p>\n","protected":false},"excerpt":{"rendered":"<p>Comunicamos \u00e0 comunidade a publica\u00e7\u00e3o da Terceira Chamada de matr\u00edculas da Especializa\u00e7\u00e3o em Educa\u00e7\u00e3o do Campo. S\u00e3o duas vagas! &nbsp; Acessem aqui o Edital de Terceira Chamada com a lista de documentos para matr\u00edculas &nbsp;<\/p>\n","protected":false},"author":36,"featured_media":0,"comment_status":"open","ping_status":"open","sticky":false,"template":"","format":"standard","meta":[],"categories":[24],"tags":[],"_links":{"self":[{"href":"https:\/\/www.ifbaiano.edu.br\/unidades\/lapa\/wp-json\/wp\/v2\/posts\/7005"}],"collection":[{"href":"https:\/\/www.ifbaiano.edu.br\/unidades\/lapa\/wp-json\/wp\/v2\/posts"}],"about":[{"href":"https:\/\/www.ifbaiano.edu.br\/unidades\/lapa\/wp-json\/wp\/v2\/types\/post"}],"author":[{"embeddable":true,"href":"https:\/\/www.ifbaiano.edu.br\/unidades\/lapa\/wp-json\/wp\/v2\/users\/36"}],"replies":[{"embeddable":true,"href":"https:\/\/www.ifbaiano.edu.br\/unidades\/lapa\/wp-json\/wp\/v2\/comments?post=7005"}],"version-history":[{"count":2,"href":"https:\/\/www.ifbaiano.edu.br\/unidades\/lapa\/wp-json\/wp\/v2\/posts\/7005\/revisions"}],"predecessor-version":[{"id":7164,"href":"https:\/\/www.ifbaiano.edu.br\/unidades\/lapa\/wp-json\/wp\/v2\/posts\/7005\/revisions\/7164"}],"wp:attachment":[{"href":"https:\/\/www.ifbaiano.edu.br\/unidades\/lapa\/wp-json\/wp\/v2\/media?parent=7005"}],"wp:term":[{"taxonomy":"category","embeddable":true,"href":"https:\/\/www.ifbaiano.edu.br\/unidades\/lapa\/wp-json\/wp\/v2\/categories?post=7005"},{"taxonomy":"post_tag","embeddable":true,"href":"https:\/\/www.ifbaiano.edu.br\/unidades\/lapa\/wp-json\/wp\/v2\/tags?post=7005"}],"curies":[{"name":"wp","href":"https:\/\/api.w.org\/{rel}","templated":true}]}}