{"id":7011,"date":"2016-12-14T18:10:29","date_gmt":"2016-12-14T20:10:29","guid":{"rendered":"http:\/\/www.ifbaiano.edu.br\/unidades\/lapa\/?p=7011"},"modified":"2016-12-14T18:12:47","modified_gmt":"2016-12-14T20:12:47","slug":"rematriculas-2016-2-estagio-cursos-subsequentes","status":"publish","type":"post","link":"https:\/\/www.ifbaiano.edu.br\/unidades\/lapa\/2016\/12\/14\/rematriculas-2016-2-estagio-cursos-subsequentes\/","title":{"rendered":"REMATR\u00cdCULAS 2016.2 &#8211; EST\u00c1GIO &#8211; CURSOS SUBSEQUENTES"},"content":{"rendered":"<div style=\"text-align: justify\">Informamos aos alunos dos cursos t\u00e9cnicos em Inform\u00e1tica e Agricultura Subsequentes que foi <strong>reaberto<\/strong> o per\u00edodo para <strong>rematr\u00edculas<\/strong> na disciplina de <strong>Est\u00e1gio Supervisionado (Pr\u00e1tica Profissional)<\/strong>, do per\u00edodo letivo 2016.2.<\/div>\n<div>N\u00e3o deixem de renovar a sua matr\u00edcula! <strong>Procure a Secretaria de Registros Acad\u00eamicos no per\u00edodo de 12 a 16 de dezembro de 2016.<\/strong><\/div>\n<div><strong>\u00a0<\/strong><\/div>\n<div>Hor\u00e1rio de atendimento:<\/div>\n<p><span id=\"OBJ_PREFIX_DWT258_com_zimbra_date\" class=\"Object\"><span id=\"OBJ_PREFIX_DWT261_com_zimbra_date\" class=\"Object\">Segunda<\/span><\/span> a <span id=\"OBJ_PREFIX_DWT259_com_zimbra_date\" class=\"Object\"><span id=\"OBJ_PREFIX_DWT262_com_zimbra_date\" class=\"Object\">sexta<\/span><\/span>: 08h \u00e0s 11h, das 14h \u00e0s 17h.<\/p>\n<p><span id=\"OBJ_PREFIX_DWT260_com_zimbra_date\" class=\"Object\"><span id=\"OBJ_PREFIX_DWT263_com_zimbra_date\" class=\"Object\">Quarta<\/span><\/span>-feira: 18h45 \u00e0s 22h45.<\/p>\n<p><strong>Fonte:<\/strong> Secretaria de Registros Acad\u00eamicos<\/p>\n<p>&nbsp;<\/p>\n","protected":false},"excerpt":{"rendered":"<p>Informamos aos alunos dos cursos t\u00e9cnicos em Inform\u00e1tica e Agricultura Subsequentes que foi reaberto o per\u00edodo para rematr\u00edculas na disciplina de Est\u00e1gio Supervisionado (Pr\u00e1tica Profissional), do per\u00edodo letivo 2016.2. N\u00e3o deixem de renovar a sua matr\u00edcula! Procure a Secretaria de Registros Acad\u00eamicos no per\u00edodo de 12 a 16 de dezembro de 2016. \u00a0 Hor\u00e1rio de [&hellip;]<\/p>\n","protected":false},"author":65,"featured_media":0,"comment_status":"open","ping_status":"open","sticky":false,"template":"","format":"standard","meta":[],"categories":[24],"tags":[],"_links":{"self":[{"href":"https:\/\/www.ifbaiano.edu.br\/unidades\/lapa\/wp-json\/wp\/v2\/posts\/7011"}],"collection":[{"href":"https:\/\/www.ifbaiano.edu.br\/unidades\/lapa\/wp-json\/wp\/v2\/posts"}],"about":[{"href":"https:\/\/www.ifbaiano.edu.br\/unidades\/lapa\/wp-json\/wp\/v2\/types\/post"}],"author":[{"embeddable":true,"href":"https:\/\/www.ifbaiano.edu.br\/unidades\/lapa\/wp-json\/wp\/v2\/users\/65"}],"replies":[{"embeddable":true,"href":"https:\/\/www.ifbaiano.edu.br\/unidades\/lapa\/wp-json\/wp\/v2\/comments?post=7011"}],"version-history":[{"count":6,"href":"https:\/\/www.ifbaiano.edu.br\/unidades\/lapa\/wp-json\/wp\/v2\/posts\/7011\/revisions"}],"predecessor-version":[{"id":7017,"href":"https:\/\/www.ifbaiano.edu.br\/unidades\/lapa\/wp-json\/wp\/v2\/posts\/7011\/revisions\/7017"}],"wp:attachment":[{"href":"https:\/\/www.ifbaiano.edu.br\/unidades\/lapa\/wp-json\/wp\/v2\/media?parent=7011"}],"wp:term":[{"taxonomy":"category","embeddable":true,"href":"https:\/\/www.ifbaiano.edu.br\/unidades\/lapa\/wp-json\/wp\/v2\/categories?post=7011"},{"taxonomy":"post_tag","embeddable":true,"href":"https:\/\/www.ifbaiano.edu.br\/unidades\/lapa\/wp-json\/wp\/v2\/tags?post=7011"}],"curies":[{"name":"wp","href":"https:\/\/api.w.org\/{rel}","templated":true}]}}