{"id":7021,"date":"2017-02-27T17:05:55","date_gmt":"2017-02-27T19:05:55","guid":{"rendered":"http:\/\/www.ifbaiano.edu.br\/unidades\/lapa\/?p=7021"},"modified":"2020-01-13T10:51:57","modified_gmt":"2020-01-13T13:51:57","slug":"autoavaliacao-do-if-baiano-campus-lapa","status":"publish","type":"post","link":"https:\/\/www.ifbaiano.edu.br\/unidades\/lapa\/2017\/02\/27\/autoavaliacao-do-if-baiano-campus-lapa\/","title":{"rendered":"Participe da Autoavalia\u00e7\u00e3o do IF Baiano &#8211; Campus Bom Jesus da Lapa"},"content":{"rendered":"<p><a href=\"http:\/\/www.ifbaiano.edu.br\/unidades\/lapa\/files\/2016\/12\/cpa.jpg\"><img decoding=\"async\" loading=\"lazy\" class=\"alignnone size-full wp-image-7022\" src=\"http:\/\/www.ifbaiano.edu.br\/unidades\/lapa\/files\/2016\/12\/cpa.jpg\" alt=\"cpa\" width=\"800\" height=\"378\"><\/a><\/p>\n<p align=\"center\"><span style=\"color: #2d6548\"><span style=\"font-family: Arial, serif\"><span style=\"font-size: x-large\">Conhecer para transformar! PARTICIPE!<\/span><\/span><\/span><\/p>\n<p>&nbsp;<\/p>\n<p><span style=\"color: #2d6548\"><span style=\"font-family: Arial, serif\"><span style=\"font-size: large\"><b>Voc\u00ea sabe o que \u00e9 Avalia\u00e7\u00e3o Institucional? <\/b><\/span><\/span><\/span><\/p>\n<p align=\"justify\"><span style=\"color: #000000\"><span style=\"font-family: Arial, serif\"><span style=\"font-size: medium\">\u00c9 um dos componentes do Sistema Nacional de Avalia\u00e7\u00e3o da Educa\u00e7\u00e3o Superior (Lei 10.861\/2004) cuja finalidade est\u00e1 relacionada:<\/span><\/span><\/span><\/p>\n<p style=\"padding-left: 30px\"><span style=\"font-family: Arial, serif\"><span style=\"font-size: medium\">A melhoria da qualidade da educa\u00e7\u00e3o superior;<\/span><\/span><\/p>\n<p style=\"padding-left: 30px\"><span style=\"font-family: Arial, serif\"><span style=\"font-size: medium\">A orienta\u00e7\u00e3o da expans\u00e3o de sua oferta;<\/span><\/span><\/p>\n<p style=\"padding-left: 30px\"><span style=\"font-family: Arial, serif\"><span style=\"font-size: medium\">O aumento permanente da sua efic\u00e1cia institucional e efetividade acad\u00eamica e social;<\/span><\/span>.<\/p>\n<p style=\"padding-left: 30px\"><span style=\"font-family: Arial, serif\"><span style=\"font-size: medium\">O aprofundamento dos compromissos e responsabilidades sociais das institui\u00e7\u00f5es de educa\u00e7\u00e3o superior, por meio da valoriza\u00e7\u00e3o de sua miss\u00e3o p\u00fablica, da promo\u00e7\u00e3o dos valores democr\u00e1ticos, do respeito \u00e0 diferen\u00e7a e \u00e0 diversidade, da afirma\u00e7\u00e3o da autonomia e da identidade institucional.<\/span><\/span><\/p>\n<p>&nbsp;<\/p>\n<p align=\"justify\"><span style=\"color: #2d6548\"><span style=\"font-family: Arial, serif\"><span style=\"font-size: large\"><b>O que \u00e9 a Autoavalia\u00e7\u00e3o Institucional?<\/b><\/span><\/span><\/span><\/p>\n<p align=\"justify\"><span style=\"color: #000000\"><span style=\"font-family: Arial, serif\"><span style=\"font-size: medium\">\u00c9 o processo em que a institui\u00e7\u00e3o realiza o levantamento da sua pr\u00f3pria realidade, utilizando metodologias e instrumentos que possibilitem uma an\u00e1lise abrangente e profunda sobre a sua estrutura institucional. <\/span><\/span><\/span><\/p>\n<p>&nbsp;<\/p>\n<p><span style=\"color: #2d6548\"><span style=\"font-family: Arial, serif\"><span style=\"font-size: large\"><b>Voc\u00ea sabe o que \u00e9 a Comiss\u00e3o Pr\u00f3pria de Avalia\u00e7\u00e3o (CPA)?<\/b><\/span><\/span><\/span><b> <\/b><\/p>\n<p align=\"justify\"><span style=\"color: #343434\"><span style=\"font-family: Arial, serif\"><span style=\"font-size: medium\">\u00c9 um \u00f3rg\u00e3o colegiado de natureza consultiva, deliberativa e normativa, respons\u00e1vel coordenar a autoavalia\u00e7\u00e3o da institui\u00e7\u00e3o, com base nos eixos representativos do SINAES (Planejamento e Avalia\u00e7\u00e3o Institucional, Desenvolvimento Institucional, Pol\u00edticas Acad\u00eamicas, Pol\u00edticas de Gest\u00e3o e Infraestrutura), e diagnosticar, com o peso da anu\u00eancia dos segmentos da institui\u00e7\u00e3o, os poss\u00edveis pontos fracos, medianos e fortes que a constitui, e, a partir dessa pesquisa, focalizar os trabalhos, por interm\u00e9dio dos gestores, com vistas a uma educa\u00e7\u00e3o de excel\u00eancia.<\/span><\/span><\/span><\/p>\n<p align=\"justify\"><span style=\"color: #343434\"><span style=\"font-family: Arial, serif\"><span style=\"font-size: medium\">A CPA \u00e9 formada por representantes da comunidade acad\u00eamica (docentes, t\u00e9cnico-administrativos e discentes) e da sociedade civil organizada, eleitos democraticamente por seus pares. <\/span><\/span><\/span><\/p>\n<p>&nbsp;<\/p>\n<p><span style=\"color: #2d6548\"><span style=\"font-family: Arial, serif\"><span style=\"font-size: large\"><b>Quem pode participar do processo de Autoavalia\u00e7\u00e3o?<\/b><\/span><\/span><\/span><\/p>\n<p style=\"padding-left: 30px\"><span style=\"font-family: Arial, serif\"><span style=\"font-size: medium\">Docentes que ensinam no Ensino Superior;<\/span><\/span><\/p>\n<p style=\"padding-left: 30px\"><span style=\"font-family: Arial, serif\"><span style=\"font-size: medium\">T\u00e9cnicos-Administrativos; <\/span><\/span><\/p>\n<p style=\"padding-left: 30px\"><span style=\"font-family: Arial, serif\"><span style=\"font-size: medium\">Discentes do Ensino Superior<\/span><\/span>.<\/p>\n<p>&nbsp;<\/p>\n<p><span style=\"color: #2d6548\"><span style=\"font-family: Arial, serif\"><span style=\"font-size: large\"><b>Como e at\u00e9 quando posso participar do processo de Autoavalia\u00e7\u00e3o? <\/b><\/span><\/span><\/span><\/p>\n<p align=\"justify\"><span style=\"color: #343434\"><span style=\"font-family: Arial, serif\"><span style=\"font-size: medium\">Para participar \u00e9 f\u00e1cil! Basta acessar o link abaixo, e responder nosso question\u00e1rio relacionado ao eixo \u201cPol\u00edticas para o Ensino, a Pesquisa e a Extens\u00e3o\u201d, dispon\u00edvel no <\/span><\/span><\/span><span style=\"font-family: Arial, serif\"><span style=\"font-size: medium\">site do Campus.<\/span><\/span><\/p>\n<p>&nbsp;<\/p>\n<p align=\"justify\"><span style=\"color: #2d6548\"><span style=\"font-family: Arial, serif\"><span style=\"font-size: large\"><b>Participe! Com a sua colabora\u00e7\u00e3o poderemos conhecer melhor nossa institui\u00e7\u00e3o. Fa\u00e7a parte da mudan\u00e7a que voc\u00ea quer ver. Juntos, podemos mais!<\/b><\/span><\/span><\/span><\/p>\n<p style=\"text-align: justify\" align=\"justify\"><span style=\"color: #336699\"><span style=\"font-family: 'Courier New', serif\"><span style=\"font-size: large\">Acesse o link e fa\u00e7a a sua avalia\u00e7\u00e3o&nbsp;<a href=\"https:\/\/opina.ifbaiano.edu.br\/index.php\/833356?lang=pt-BR\" target=\"_blank\" rel=\"noopener noreferrer\">https:\/\/opina.ifbaiano.edu.br\/index.php\/833356?lang=pt-BR<\/a><\/span><\/span><\/span><\/p>\n<hr>\n","protected":false},"excerpt":{"rendered":"<p>Conhecer para transformar! PARTICIPE! &nbsp; Voc\u00ea sabe o que \u00e9 Avalia\u00e7\u00e3o Institucional? \u00c9 um dos componentes do Sistema Nacional de Avalia\u00e7\u00e3o da Educa\u00e7\u00e3o Superior (Lei 10.861\/2004) cuja finalidade est\u00e1 relacionada: A melhoria da qualidade da educa\u00e7\u00e3o superior; A orienta\u00e7\u00e3o da expans\u00e3o de sua oferta; O aumento permanente da sua efic\u00e1cia institucional e efetividade acad\u00eamica e [&hellip;]<\/p>\n","protected":false},"author":64,"featured_media":0,"comment_status":"open","ping_status":"open","sticky":false,"template":"","format":"standard","meta":[],"categories":[24],"tags":[],"_links":{"self":[{"href":"https:\/\/www.ifbaiano.edu.br\/unidades\/lapa\/wp-json\/wp\/v2\/posts\/7021"}],"collection":[{"href":"https:\/\/www.ifbaiano.edu.br\/unidades\/lapa\/wp-json\/wp\/v2\/posts"}],"about":[{"href":"https:\/\/www.ifbaiano.edu.br\/unidades\/lapa\/wp-json\/wp\/v2\/types\/post"}],"author":[{"embeddable":true,"href":"https:\/\/www.ifbaiano.edu.br\/unidades\/lapa\/wp-json\/wp\/v2\/users\/64"}],"replies":[{"embeddable":true,"href":"https:\/\/www.ifbaiano.edu.br\/unidades\/lapa\/wp-json\/wp\/v2\/comments?post=7021"}],"version-history":[{"count":39,"href":"https:\/\/www.ifbaiano.edu.br\/unidades\/lapa\/wp-json\/wp\/v2\/posts\/7021\/revisions"}],"predecessor-version":[{"id":15394,"href":"https:\/\/www.ifbaiano.edu.br\/unidades\/lapa\/wp-json\/wp\/v2\/posts\/7021\/revisions\/15394"}],"wp:attachment":[{"href":"https:\/\/www.ifbaiano.edu.br\/unidades\/lapa\/wp-json\/wp\/v2\/media?parent=7021"}],"wp:term":[{"taxonomy":"category","embeddable":true,"href":"https:\/\/www.ifbaiano.edu.br\/unidades\/lapa\/wp-json\/wp\/v2\/categories?post=7021"},{"taxonomy":"post_tag","embeddable":true,"href":"https:\/\/www.ifbaiano.edu.br\/unidades\/lapa\/wp-json\/wp\/v2\/tags?post=7021"}],"curies":[{"name":"wp","href":"https:\/\/api.w.org\/{rel}","templated":true}]}}