{"id":7087,"date":"2017-01-16T17:53:42","date_gmt":"2017-01-16T19:53:42","guid":{"rendered":"http:\/\/www.ifbaiano.edu.br\/unidades\/lapa\/?p=7087"},"modified":"2017-01-31T11:54:53","modified_gmt":"2017-01-31T13:54:53","slug":"campus-bom-jesus-da-lapa-abre-selecao-para-curso-de-formacao-inicial-em-operador-de-computador","status":"publish","type":"post","link":"https:\/\/www.ifbaiano.edu.br\/unidades\/lapa\/2017\/01\/16\/campus-bom-jesus-da-lapa-abre-selecao-para-curso-de-formacao-inicial-em-operador-de-computador\/","title":{"rendered":"Campus Bom Jesus da Lapa abre sele\u00e7\u00e3o para curso de Forma\u00e7\u00e3o Inicial em Operador de Computador"},"content":{"rendered":"<div style=\"text-align: justify\">O <em>Campus<\/em> Bom Jesus da Lapa <strong>inscreve at\u00e9 o dia 23 de janeiro de 2017<\/strong> candidatos interessados em realizar o <strong>curso de Forma\u00e7\u00e3o Inicial e Continuada de Operador de Computador.<br \/>\n<!--more--><\/strong>O curso busca a forma\u00e7\u00e3o de profissionais que instalem, configurem e operem sistemas operacionais cliente, aplicativos de escrit\u00f3rio e perif\u00e9ricos, dentro de uma carga hor\u00e1ria de <strong>forma\u00e7\u00e3o de 160 horas<\/strong>, distribu\u00eddas de forma semanal, durante um per\u00edodo aproximado de 2 meses, ao fim do qual o estudante \u00e9 certificado.<\/div>\n<p style=\"text-align: justify\">A <strong>sele\u00e7\u00e3o<\/strong> ser\u00e1 realizada <strong>mediante<\/strong> <strong>An\u00e1lise Socioecon\u00f4mica do perfil dos candidatos<\/strong>, considerando os crit\u00e9rios constantes do Barema do Anexo II do Edital, respeitados os percentuais de <strong>70% das vagas reservadas para estudantes oriundos de escolas p\u00fablicas<\/strong>.O <strong>resultado<\/strong> preliminar da sele\u00e7\u00e3o ser\u00e1 publicado no dia <strong>25 de janeiro de 2017<\/strong>, no site institucional do Campus.<\/p>\n<p style=\"text-align: justify\"><strong>Participem! As inscri\u00e7\u00f5es e a realiza\u00e7\u00e3o do curso s\u00e3o gratuitas!<\/strong><\/p>\n<div style=\"text-align: justify\"><a href=\"http:\/\/www.ifbaiano.edu.br\/unidades\/lapa\/files\/2017\/01\/Edital-de-Sele%C3%A7%C3%A3o-final.pdf\" target=\"_blank\">Acesse aqui o Edital de Sele\u00e7\u00e3o<\/a><\/div>\n<div style=\"text-align: justify\"><span id=\"OBJ_PREFIX_DWT1402_com_zimbra_url\" class=\"Object\"><span id=\"OBJ_PREFIX_DWT1403_com_zimbra_url\" class=\"Object\"><a href=\"https:\/\/goo.gl\/forms\/ALGqalXYUeRYNa0d2\" target=\"_blank\">Acesse Aqui o Sistema de Inscri\u00e7\u00f5es<br \/>\n<\/a><\/span><\/span><\/div>\n<div style=\"text-align: justify\"><a href=\"http:\/\/www.ifbaiano.edu.br\/unidades\/lapa\/selecao-de-estudantes\/\" target=\"_blank\">Acompanhe aqui as publica\u00e7\u00f5es do Processo Seletivo<\/a><\/div>\n<p style=\"text-align: justify\"><strong>Fonte:<\/strong> Comiss\u00e3o de Sele\u00e7\u00e3o<\/p>\n<p style=\"text-align: justify\"><img decoding=\"async\" loading=\"lazy\" class=\"alignright size-full wp-image-7084\" src=\"http:\/\/www.ifbaiano.edu.br\/unidades\/lapa\/files\/2017\/01\/Curso-FIC-Operador-de-Computador-Lapa.png\" alt=\"Curso-FIC-Operador-de-Computador-Lapa\" width=\"336\" height=\"280\" \/><\/p>\n","protected":false},"excerpt":{"rendered":"<p>O Campus Bom Jesus da Lapa inscreve at\u00e9 o dia 23 de janeiro de 2017 candidatos interessados em realizar o curso de Forma\u00e7\u00e3o Inicial e Continuada de Operador de Computador.<\/p>\n","protected":false},"author":65,"featured_media":7084,"comment_status":"open","ping_status":"open","sticky":false,"template":"","format":"standard","meta":[],"categories":[39,24],"tags":[],"_links":{"self":[{"href":"https:\/\/www.ifbaiano.edu.br\/unidades\/lapa\/wp-json\/wp\/v2\/posts\/7087"}],"collection":[{"href":"https:\/\/www.ifbaiano.edu.br\/unidades\/lapa\/wp-json\/wp\/v2\/posts"}],"about":[{"href":"https:\/\/www.ifbaiano.edu.br\/unidades\/lapa\/wp-json\/wp\/v2\/types\/post"}],"author":[{"embeddable":true,"href":"https:\/\/www.ifbaiano.edu.br\/unidades\/lapa\/wp-json\/wp\/v2\/users\/65"}],"replies":[{"embeddable":true,"href":"https:\/\/www.ifbaiano.edu.br\/unidades\/lapa\/wp-json\/wp\/v2\/comments?post=7087"}],"version-history":[{"count":22,"href":"https:\/\/www.ifbaiano.edu.br\/unidades\/lapa\/wp-json\/wp\/v2\/posts\/7087\/revisions"}],"predecessor-version":[{"id":7111,"href":"https:\/\/www.ifbaiano.edu.br\/unidades\/lapa\/wp-json\/wp\/v2\/posts\/7087\/revisions\/7111"}],"wp:featuredmedia":[{"embeddable":true,"href":"https:\/\/www.ifbaiano.edu.br\/unidades\/lapa\/wp-json\/wp\/v2\/media\/7084"}],"wp:attachment":[{"href":"https:\/\/www.ifbaiano.edu.br\/unidades\/lapa\/wp-json\/wp\/v2\/media?parent=7087"}],"wp:term":[{"taxonomy":"category","embeddable":true,"href":"https:\/\/www.ifbaiano.edu.br\/unidades\/lapa\/wp-json\/wp\/v2\/categories?post=7087"},{"taxonomy":"post_tag","embeddable":true,"href":"https:\/\/www.ifbaiano.edu.br\/unidades\/lapa\/wp-json\/wp\/v2\/tags?post=7087"}],"curies":[{"name":"wp","href":"https:\/\/api.w.org\/{rel}","templated":true}]}}