{"id":7112,"date":"2017-01-19T11:49:22","date_gmt":"2017-01-19T13:49:22","guid":{"rendered":"http:\/\/www.ifbaiano.edu.br\/unidades\/lapa\/?p=7112"},"modified":"2017-02-23T10:42:51","modified_gmt":"2017-02-23T12:42:51","slug":"comunicado-aos-candidatos-ao-processo-seletivo-2017-cursos-integrados-e-subsequentes","status":"publish","type":"post","link":"https:\/\/www.ifbaiano.edu.br\/unidades\/lapa\/2017\/01\/19\/comunicado-aos-candidatos-ao-processo-seletivo-2017-cursos-integrados-e-subsequentes\/","title":{"rendered":"COMUNICADO AOS CANDIDATOS AO PROCESSO SELETIVO 2017 \u2013 CURSOS INTEGRADOS E SUBSEQUENTES"},"content":{"rendered":"<p>Conforme informado pela Comiss\u00e3o Central do Processo Seletivo, nomeada pela Portaria N\u00ba 446, de 25 de abril de 2016, devido a problemas t\u00e9cnicos, a rela\u00e7\u00e3o de inscri\u00e7\u00f5es homologadas publicada em <span id=\"OBJ_PREFIX_DWT700_com_zimbra_date\" class=\"Object\"><span id=\"OBJ_PREFIX_DWT702_com_zimbra_date\" class=\"Object\"><span id=\"OBJ_PREFIX_DWT716_com_zimbra_date\" class=\"Object\">07\/12\/2016<\/span><\/span><\/span> foi invalidada.<!--more--> Leia o comunicado na \u00edntegra:<span id=\"OBJ_PREFIX_DWT701_com_zimbra_url\" class=\"Object\"><span id=\"OBJ_PREFIX_DWT703_com_zimbra_url\" class=\"Object\"><span id=\"OBJ_PREFIX_DWT717_com_zimbra_url\" class=\"Object\"><a href=\"https:\/\/goo.gl\/QnG9KV\" target=\"_blank\">https:\/\/goo.gl\/QnG9KV<\/a><\/span><\/span><\/span><\/p>\n<p>Veja a nova rela\u00e7\u00e3o de inscri\u00e7\u00f5es homologadas: <span id=\"OBJ_PREFIX_DWT704_com_zimbra_url\" class=\"Object\"><span id=\"OBJ_PREFIX_DWT705_com_zimbra_url\" class=\"Object\"><span id=\"OBJ_PREFIX_DWT718_com_zimbra_url\" class=\"Object\"><a href=\"https:\/\/goo.gl\/scgdlC\" target=\"_blank\">https:\/\/goo.gl\/scgdlC<\/a><\/span><\/span><\/span><\/p>\n<p>Acesse o cronograma atualizado: <span id=\"OBJ_PREFIX_DWT706_com_zimbra_url\" class=\"Object\"><span id=\"OBJ_PREFIX_DWT707_com_zimbra_url\" class=\"Object\"><span id=\"OBJ_PREFIX_DWT719_com_zimbra_url\" class=\"Object\"><a href=\"https:\/\/goo.gl\/oYt7z2\" target=\"_blank\">https:\/\/goo.gl\/oYt7z2<\/a><\/span><\/span><\/span><\/p>\n<p><strong>D\u00favidas:<\/strong> <span id=\"OBJ_PREFIX_DWT708_com_zimbra_email\" class=\"Object\"><span id=\"OBJ_PREFIX_DWT709_com_zimbra_email\" class=\"Object\"><span id=\"OBJ_PREFIX_DWT720_com_zimbra_email\" class=\"Object\">ccps@ifbaiano.edu.br<\/span><\/span><\/span><\/p>\n<p><strong>Fonte:\u00a0<\/strong>Comiss\u00e3o Central do Processo Seletivo<\/p>\n","protected":false},"excerpt":{"rendered":"<p>Conforme informado pela Comiss\u00e3o Central do Processo Seletivo, nomeada pela Portaria N\u00ba 446, de 25 de abril de 2016, devido a problemas t\u00e9cnicos, a rela\u00e7\u00e3o de inscri\u00e7\u00f5es homologadas publicada em 07\/12\/2016 foi invalidada.<\/p>\n","protected":false},"author":65,"featured_media":0,"comment_status":"open","ping_status":"open","sticky":false,"template":"","format":"standard","meta":[],"categories":[24],"tags":[],"_links":{"self":[{"href":"https:\/\/www.ifbaiano.edu.br\/unidades\/lapa\/wp-json\/wp\/v2\/posts\/7112"}],"collection":[{"href":"https:\/\/www.ifbaiano.edu.br\/unidades\/lapa\/wp-json\/wp\/v2\/posts"}],"about":[{"href":"https:\/\/www.ifbaiano.edu.br\/unidades\/lapa\/wp-json\/wp\/v2\/types\/post"}],"author":[{"embeddable":true,"href":"https:\/\/www.ifbaiano.edu.br\/unidades\/lapa\/wp-json\/wp\/v2\/users\/65"}],"replies":[{"embeddable":true,"href":"https:\/\/www.ifbaiano.edu.br\/unidades\/lapa\/wp-json\/wp\/v2\/comments?post=7112"}],"version-history":[{"count":2,"href":"https:\/\/www.ifbaiano.edu.br\/unidades\/lapa\/wp-json\/wp\/v2\/posts\/7112\/revisions"}],"predecessor-version":[{"id":7114,"href":"https:\/\/www.ifbaiano.edu.br\/unidades\/lapa\/wp-json\/wp\/v2\/posts\/7112\/revisions\/7114"}],"wp:attachment":[{"href":"https:\/\/www.ifbaiano.edu.br\/unidades\/lapa\/wp-json\/wp\/v2\/media?parent=7112"}],"wp:term":[{"taxonomy":"category","embeddable":true,"href":"https:\/\/www.ifbaiano.edu.br\/unidades\/lapa\/wp-json\/wp\/v2\/categories?post=7112"},{"taxonomy":"post_tag","embeddable":true,"href":"https:\/\/www.ifbaiano.edu.br\/unidades\/lapa\/wp-json\/wp\/v2\/tags?post=7112"}],"curies":[{"name":"wp","href":"https:\/\/api.w.org\/{rel}","templated":true}]}}