{"id":7166,"date":"2017-02-03T15:46:03","date_gmt":"2017-02-03T17:46:03","guid":{"rendered":"http:\/\/www.ifbaiano.edu.br\/unidades\/lapa\/?p=7166"},"modified":"2017-02-23T10:44:37","modified_gmt":"2017-02-23T12:44:37","slug":"publicada-quarta-chamada-de-matriculas-da-especializacao-em-educacao-do-campo","status":"publish","type":"post","link":"https:\/\/www.ifbaiano.edu.br\/unidades\/lapa\/2017\/02\/03\/publicada-quarta-chamada-de-matriculas-da-especializacao-em-educacao-do-campo\/","title":{"rendered":"Publicada Quarta Chamada de Matr\u00edculas da Especializa\u00e7\u00e3o em Educa\u00e7\u00e3o do Campo"},"content":{"rendered":"<p>Comunicamos \u00e0 comunidade a publica\u00e7\u00e3o da <strong>Quarta Chamada de matr\u00edculas da Especializa\u00e7\u00e3o em Educa\u00e7\u00e3o do Campo<\/strong>.<\/p>\n<p style=\"text-align: start\"><a href=\"http:\/\/www.ifbaiano.edu.br\/unidades\/lapa\/files\/2017\/02\/Quarta-Chamada-Mat.-Esp-do-Campo.pdf\" target=\"_blank\">Acessem aqui o Edital de Quarta Chamada com a lista de documentos para matr\u00edculas<\/a>.<\/p>\n<p style=\"text-align: start\"><strong>Fonte:<\/strong> Diretoria Acad\u00eamica<\/p>\n","protected":false},"excerpt":{"rendered":"<p>Comunicamos \u00e0 comunidade a publica\u00e7\u00e3o da Quarta Chamada de matr\u00edculas da Especializa\u00e7\u00e3o em Educa\u00e7\u00e3o do Campo. Acessem aqui o Edital de Quarta Chamada com a lista de documentos para matr\u00edculas. Fonte: Diretoria Acad\u00eamica<\/p>\n","protected":false},"author":65,"featured_media":0,"comment_status":"open","ping_status":"open","sticky":false,"template":"","format":"standard","meta":[],"categories":[39],"tags":[],"_links":{"self":[{"href":"https:\/\/www.ifbaiano.edu.br\/unidades\/lapa\/wp-json\/wp\/v2\/posts\/7166"}],"collection":[{"href":"https:\/\/www.ifbaiano.edu.br\/unidades\/lapa\/wp-json\/wp\/v2\/posts"}],"about":[{"href":"https:\/\/www.ifbaiano.edu.br\/unidades\/lapa\/wp-json\/wp\/v2\/types\/post"}],"author":[{"embeddable":true,"href":"https:\/\/www.ifbaiano.edu.br\/unidades\/lapa\/wp-json\/wp\/v2\/users\/65"}],"replies":[{"embeddable":true,"href":"https:\/\/www.ifbaiano.edu.br\/unidades\/lapa\/wp-json\/wp\/v2\/comments?post=7166"}],"version-history":[{"count":7,"href":"https:\/\/www.ifbaiano.edu.br\/unidades\/lapa\/wp-json\/wp\/v2\/posts\/7166\/revisions"}],"predecessor-version":[{"id":7173,"href":"https:\/\/www.ifbaiano.edu.br\/unidades\/lapa\/wp-json\/wp\/v2\/posts\/7166\/revisions\/7173"}],"wp:attachment":[{"href":"https:\/\/www.ifbaiano.edu.br\/unidades\/lapa\/wp-json\/wp\/v2\/media?parent=7166"}],"wp:term":[{"taxonomy":"category","embeddable":true,"href":"https:\/\/www.ifbaiano.edu.br\/unidades\/lapa\/wp-json\/wp\/v2\/categories?post=7166"},{"taxonomy":"post_tag","embeddable":true,"href":"https:\/\/www.ifbaiano.edu.br\/unidades\/lapa\/wp-json\/wp\/v2\/tags?post=7166"}],"curies":[{"name":"wp","href":"https:\/\/api.w.org\/{rel}","templated":true}]}}