{"id":7175,"date":"2017-02-03T17:53:38","date_gmt":"2017-02-03T19:53:38","guid":{"rendered":"http:\/\/www.ifbaiano.edu.br\/unidades\/lapa\/?p=7175"},"modified":"2017-02-23T10:42:08","modified_gmt":"2017-02-23T12:42:08","slug":"publicado-edital-de-matriculas-dos-cursos-integrados-e-subsequentes","status":"publish","type":"post","link":"https:\/\/www.ifbaiano.edu.br\/unidades\/lapa\/2017\/02\/03\/publicado-edital-de-matriculas-dos-cursos-integrados-e-subsequentes\/","title":{"rendered":"Publicado Edital de Matr\u00edculas dos Cursos Integrados e Subsequentes"},"content":{"rendered":"<p>A Dire\u00e7\u00e3o Geral do Campus Bom Jesus da Lapa e a Diretoria Acad\u00eamica tornam p\u00fablico o <strong>Edital de Matr\u00edculas dos Cursos Integrados e Subsequentes<\/strong>. <!--more-->Fiquem todos atentos aos prazos e aos documentos necess\u00e1rios.<\/p>\n<p><a href=\"http:\/\/www.ifbaiano.edu.br\/unidades\/lapa\/files\/2017\/02\/EDITAL-02-17-MATR\u00cdCULA-BJL-2017.1-Cursos-Integrados-e-subsequentes.pdf\" target=\"_blank\">ACESSEM AQUI O EDITAL <\/a><\/p>\n<p><strong>Fonte:<\/strong>\u00a0Diretoria Acad\u00eamica<\/p>\n","protected":false},"excerpt":{"rendered":"<p>A Dire\u00e7\u00e3o Geral do Campus Bom Jesus da Lapa e a Diretoria Acad\u00eamica tornam p\u00fablico o Edital de Matr\u00edculas dos Cursos Integrados e Subsequentes.<\/p>\n","protected":false},"author":65,"featured_media":0,"comment_status":"open","ping_status":"open","sticky":false,"template":"","format":"standard","meta":[],"categories":[39,24],"tags":[],"_links":{"self":[{"href":"https:\/\/www.ifbaiano.edu.br\/unidades\/lapa\/wp-json\/wp\/v2\/posts\/7175"}],"collection":[{"href":"https:\/\/www.ifbaiano.edu.br\/unidades\/lapa\/wp-json\/wp\/v2\/posts"}],"about":[{"href":"https:\/\/www.ifbaiano.edu.br\/unidades\/lapa\/wp-json\/wp\/v2\/types\/post"}],"author":[{"embeddable":true,"href":"https:\/\/www.ifbaiano.edu.br\/unidades\/lapa\/wp-json\/wp\/v2\/users\/65"}],"replies":[{"embeddable":true,"href":"https:\/\/www.ifbaiano.edu.br\/unidades\/lapa\/wp-json\/wp\/v2\/comments?post=7175"}],"version-history":[{"count":2,"href":"https:\/\/www.ifbaiano.edu.br\/unidades\/lapa\/wp-json\/wp\/v2\/posts\/7175\/revisions"}],"predecessor-version":[{"id":7177,"href":"https:\/\/www.ifbaiano.edu.br\/unidades\/lapa\/wp-json\/wp\/v2\/posts\/7175\/revisions\/7177"}],"wp:attachment":[{"href":"https:\/\/www.ifbaiano.edu.br\/unidades\/lapa\/wp-json\/wp\/v2\/media?parent=7175"}],"wp:term":[{"taxonomy":"category","embeddable":true,"href":"https:\/\/www.ifbaiano.edu.br\/unidades\/lapa\/wp-json\/wp\/v2\/categories?post=7175"},{"taxonomy":"post_tag","embeddable":true,"href":"https:\/\/www.ifbaiano.edu.br\/unidades\/lapa\/wp-json\/wp\/v2\/tags?post=7175"}],"curies":[{"name":"wp","href":"https:\/\/api.w.org\/{rel}","templated":true}]}}