{"id":7182,"date":"2017-02-07T11:13:24","date_gmt":"2017-02-07T13:13:24","guid":{"rendered":"http:\/\/www.ifbaiano.edu.br\/unidades\/lapa\/?p=7182"},"modified":"2017-02-23T10:43:42","modified_gmt":"2017-02-23T12:43:42","slug":"retificacao-do-cronograma-de-matriculas-do-curso-fic-operador-de-computador","status":"publish","type":"post","link":"https:\/\/www.ifbaiano.edu.br\/unidades\/lapa\/2017\/02\/07\/retificacao-do-cronograma-de-matriculas-do-curso-fic-operador-de-computador\/","title":{"rendered":"RETIFICA\u00c7\u00c3O do Cronograma de Matr\u00edculas do Curso FIC &#8211; Operador de Computador"},"content":{"rendered":"<p>A Dire\u00e7\u00e3o Geral do Campus Bom Jesus da Lapa, no uso de suas atribui\u00e7\u00f5es, resolve <strong>retificar o cronograma de Matr\u00edculas do Curso FIC &#8211; Operador de Computador<\/strong>.<\/p>\n<p><a href=\"http:\/\/www.ifbaiano.edu.br\/unidades\/lapa\/files\/2017\/02\/Retifica\u00e7\u00e3o-edital-curso-fic.pdf\" target=\"_blank\">Acesse aqui a RETIFICA\u00c7\u00c3O DO EDITAL DE MATR\u00cdCULAS 01\/2017.<\/a><\/p>\n<p>Acompanhe mais informa\u00e7\u00f5es desse Processo Seletivo em: <a href=\"http:\/\/www.ifbaiano.edu.br\/unidades\/lapa\/selecao-de-estudantes\/\" target=\"_blank\"><strong>Curso FIC &#8211; Operador de Computador<\/strong><\/a>.<\/p>\n<p><strong>Fonte:\u00a0<\/strong>Comiss\u00e3o do Processo Seletivo<\/p>\n","protected":false},"excerpt":{"rendered":"<p>A Dire\u00e7\u00e3o Geral do Campus Bom Jesus da Lapa, no uso de suas atribui\u00e7\u00f5es, resolve retificar o cronograma de Matr\u00edculas do Curso FIC &#8211; Operador de Computador. Acesse aqui a RETIFICA\u00c7\u00c3O DO EDITAL DE MATR\u00cdCULAS 01\/2017. Acompanhe mais informa\u00e7\u00f5es desse Processo Seletivo em: Curso FIC &#8211; Operador de Computador. Fonte:\u00a0Comiss\u00e3o do Processo Seletivo<\/p>\n","protected":false},"author":65,"featured_media":0,"comment_status":"open","ping_status":"open","sticky":false,"template":"","format":"standard","meta":[],"categories":[34,39,24],"tags":[],"_links":{"self":[{"href":"https:\/\/www.ifbaiano.edu.br\/unidades\/lapa\/wp-json\/wp\/v2\/posts\/7182"}],"collection":[{"href":"https:\/\/www.ifbaiano.edu.br\/unidades\/lapa\/wp-json\/wp\/v2\/posts"}],"about":[{"href":"https:\/\/www.ifbaiano.edu.br\/unidades\/lapa\/wp-json\/wp\/v2\/types\/post"}],"author":[{"embeddable":true,"href":"https:\/\/www.ifbaiano.edu.br\/unidades\/lapa\/wp-json\/wp\/v2\/users\/65"}],"replies":[{"embeddable":true,"href":"https:\/\/www.ifbaiano.edu.br\/unidades\/lapa\/wp-json\/wp\/v2\/comments?post=7182"}],"version-history":[{"count":1,"href":"https:\/\/www.ifbaiano.edu.br\/unidades\/lapa\/wp-json\/wp\/v2\/posts\/7182\/revisions"}],"predecessor-version":[{"id":7183,"href":"https:\/\/www.ifbaiano.edu.br\/unidades\/lapa\/wp-json\/wp\/v2\/posts\/7182\/revisions\/7183"}],"wp:attachment":[{"href":"https:\/\/www.ifbaiano.edu.br\/unidades\/lapa\/wp-json\/wp\/v2\/media?parent=7182"}],"wp:term":[{"taxonomy":"category","embeddable":true,"href":"https:\/\/www.ifbaiano.edu.br\/unidades\/lapa\/wp-json\/wp\/v2\/categories?post=7182"},{"taxonomy":"post_tag","embeddable":true,"href":"https:\/\/www.ifbaiano.edu.br\/unidades\/lapa\/wp-json\/wp\/v2\/tags?post=7182"}],"curies":[{"name":"wp","href":"https:\/\/api.w.org\/{rel}","templated":true}]}}