{"id":7187,"date":"2017-02-10T11:13:57","date_gmt":"2017-02-10T13:13:57","guid":{"rendered":"http:\/\/www.ifbaiano.edu.br\/unidades\/lapa\/?p=7187"},"modified":"2017-02-23T10:43:54","modified_gmt":"2017-02-23T12:43:54","slug":"retificacao-02-ao-edital-de-matriculas-012017-curso-operador-de-computador","status":"publish","type":"post","link":"https:\/\/www.ifbaiano.edu.br\/unidades\/lapa\/2017\/02\/10\/retificacao-02-ao-edital-de-matriculas-012017-curso-operador-de-computador\/","title":{"rendered":"RETIFICA\u00c7\u00c3O 02 ao Edital de Matr\u00edculas 01\/2017 &#8211; Curso Operador de Computador"},"content":{"rendered":"<p style=\"text-align: justify\">A Comiss\u00e3o de Implanta\u00e7\u00e3o do Curso FIC Operador de Computador torna p\u00fablica a <strong>2\u00aa retifica\u00e7\u00e3o do Edital de Matr\u00edculas 01\/2017<\/strong>. <!--more-->Pelo novo edital, as <strong>matr\u00edculas<\/strong> em <span id=\"OBJ_PREFIX_DWT158_com_zimbra_date\" class=\"Object\">Segunda<\/span> chamada <strong>ser\u00e3o realizadas nos dias 10, 13 e 14 de fevereiro de 2017<\/strong>. Voc\u00ea que foi classificado para o curso FIC Operador de Computador, fique atento \u00e0 lista de candidatos convocados em <span id=\"OBJ_PREFIX_DWT159_com_zimbra_date\" class=\"Object\">segunda<\/span> chamada.<\/p>\n<ul>\n<li style=\"text-align: justify\"><a href=\"http:\/\/www.ifbaiano.edu.br\/unidades\/lapa\/files\/2017\/02\/Retifica\u00e7\u00e3o-02-Edital-matr\u00edculas-curso-fic.pdf\" target=\"_blank\">Acesse aqui 2\u00aa retifica\u00e7\u00e3o do Edital de Matr\u00edculas 01\/2017<\/a><\/li>\n<\/ul>\n<p><strong>Fonte:<\/strong> Comiss\u00e3o Curso FIC<\/p>\n","protected":false},"excerpt":{"rendered":"<p>A Comiss\u00e3o de Implanta\u00e7\u00e3o do Curso FIC Operador de Computador torna p\u00fablica a 2\u00aa retifica\u00e7\u00e3o do Edital de Matr\u00edculas 01\/2017.<\/p>\n","protected":false},"author":65,"featured_media":0,"comment_status":"open","ping_status":"open","sticky":false,"template":"","format":"standard","meta":[],"categories":[34,39,24],"tags":[],"_links":{"self":[{"href":"https:\/\/www.ifbaiano.edu.br\/unidades\/lapa\/wp-json\/wp\/v2\/posts\/7187"}],"collection":[{"href":"https:\/\/www.ifbaiano.edu.br\/unidades\/lapa\/wp-json\/wp\/v2\/posts"}],"about":[{"href":"https:\/\/www.ifbaiano.edu.br\/unidades\/lapa\/wp-json\/wp\/v2\/types\/post"}],"author":[{"embeddable":true,"href":"https:\/\/www.ifbaiano.edu.br\/unidades\/lapa\/wp-json\/wp\/v2\/users\/65"}],"replies":[{"embeddable":true,"href":"https:\/\/www.ifbaiano.edu.br\/unidades\/lapa\/wp-json\/wp\/v2\/comments?post=7187"}],"version-history":[{"count":2,"href":"https:\/\/www.ifbaiano.edu.br\/unidades\/lapa\/wp-json\/wp\/v2\/posts\/7187\/revisions"}],"predecessor-version":[{"id":7192,"href":"https:\/\/www.ifbaiano.edu.br\/unidades\/lapa\/wp-json\/wp\/v2\/posts\/7187\/revisions\/7192"}],"wp:attachment":[{"href":"https:\/\/www.ifbaiano.edu.br\/unidades\/lapa\/wp-json\/wp\/v2\/media?parent=7187"}],"wp:term":[{"taxonomy":"category","embeddable":true,"href":"https:\/\/www.ifbaiano.edu.br\/unidades\/lapa\/wp-json\/wp\/v2\/categories?post=7187"},{"taxonomy":"post_tag","embeddable":true,"href":"https:\/\/www.ifbaiano.edu.br\/unidades\/lapa\/wp-json\/wp\/v2\/tags?post=7187"}],"curies":[{"name":"wp","href":"https:\/\/api.w.org\/{rel}","templated":true}]}}