{"id":7193,"date":"2017-02-16T15:16:43","date_gmt":"2017-02-16T17:16:43","guid":{"rendered":"http:\/\/www.ifbaiano.edu.br\/unidades\/lapa\/?p=7193"},"modified":"2017-03-16T18:08:46","modified_gmt":"2017-03-16T20:08:46","slug":"terceira-chamada-dos-candidatos-aprovados-para-o-curso-fic-operador-de-computador","status":"publish","type":"post","link":"https:\/\/www.ifbaiano.edu.br\/unidades\/lapa\/2017\/02\/16\/terceira-chamada-dos-candidatos-aprovados-para-o-curso-fic-operador-de-computador\/","title":{"rendered":"Terceira Chamada aos Candidatos aprovados para o Curso FIC Operador de Computador"},"content":{"rendered":"<p>Comunicamos aos candidatos <strong>aprovados no curso FIC Operador de Computador<\/strong> que a matr\u00edcula para<strong> 3\u00aa Chamada ser\u00e1 realizada no dia 17 de fevereiro de 2017<\/strong>, sexta-feira, no <strong>audit\u00f3rio<\/strong> do Campus Bom Jesus da Lapa \u00e0s <strong>09:30<\/strong>.<\/p>\n<p><a href=\"http:\/\/www.ifbaiano.edu.br\/unidades\/lapa\/files\/2017\/02\/III-Chamada-de-Matr\u00edculas-FIC-Operador-de-Micro.pdf\" target=\"_blank\">Confira aqui a lista de aprovados na III Chamada de Matr\u00edculas &#8211; FIC Operador de Micro!<\/a><\/p>\n<p><a href=\"http:\/\/www.ifbaiano.edu.br\/unidades\/lapa\/selecao-de-estudantes\/\" target=\"_blank\">Acompanhe demais publica\u00e7\u00f5es desse Processo Seletivo.<\/a><\/p>\n<p><strong>Fonte:<\/strong> Comiss\u00e3o do Processo Seletivo<\/p>\n","protected":false},"excerpt":{"rendered":"<p>Comunicamos aos candidatos aprovados no curso FIC Operador de Computador que a matr\u00edcula para 3\u00aa Chamada ser\u00e1 realizada no dia 17 de fevereiro de 2017, sexta-feira, no audit\u00f3rio do Campus Bom Jesus da Lapa \u00e0s 09:30. Confira aqui a lista de aprovados na III Chamada de Matr\u00edculas &#8211; FIC Operador de Micro! Acompanhe demais publica\u00e7\u00f5es [&hellip;]<\/p>\n","protected":false},"author":65,"featured_media":0,"comment_status":"open","ping_status":"open","sticky":false,"template":"","format":"standard","meta":[],"categories":[34,24],"tags":[],"_links":{"self":[{"href":"https:\/\/www.ifbaiano.edu.br\/unidades\/lapa\/wp-json\/wp\/v2\/posts\/7193"}],"collection":[{"href":"https:\/\/www.ifbaiano.edu.br\/unidades\/lapa\/wp-json\/wp\/v2\/posts"}],"about":[{"href":"https:\/\/www.ifbaiano.edu.br\/unidades\/lapa\/wp-json\/wp\/v2\/types\/post"}],"author":[{"embeddable":true,"href":"https:\/\/www.ifbaiano.edu.br\/unidades\/lapa\/wp-json\/wp\/v2\/users\/65"}],"replies":[{"embeddable":true,"href":"https:\/\/www.ifbaiano.edu.br\/unidades\/lapa\/wp-json\/wp\/v2\/comments?post=7193"}],"version-history":[{"count":6,"href":"https:\/\/www.ifbaiano.edu.br\/unidades\/lapa\/wp-json\/wp\/v2\/posts\/7193\/revisions"}],"predecessor-version":[{"id":7265,"href":"https:\/\/www.ifbaiano.edu.br\/unidades\/lapa\/wp-json\/wp\/v2\/posts\/7193\/revisions\/7265"}],"wp:attachment":[{"href":"https:\/\/www.ifbaiano.edu.br\/unidades\/lapa\/wp-json\/wp\/v2\/media?parent=7193"}],"wp:term":[{"taxonomy":"category","embeddable":true,"href":"https:\/\/www.ifbaiano.edu.br\/unidades\/lapa\/wp-json\/wp\/v2\/categories?post=7193"},{"taxonomy":"post_tag","embeddable":true,"href":"https:\/\/www.ifbaiano.edu.br\/unidades\/lapa\/wp-json\/wp\/v2\/tags?post=7193"}],"curies":[{"name":"wp","href":"https:\/\/api.w.org\/{rel}","templated":true}]}}