{"id":7214,"date":"2017-02-14T21:45:50","date_gmt":"2017-02-14T23:45:50","guid":{"rendered":"http:\/\/www.ifbaiano.edu.br\/unidades\/lapa\/?p=7214"},"modified":"2017-02-23T10:45:05","modified_gmt":"2017-02-23T12:45:05","slug":"publicada-nova-retificacao-do-edital-de-matriculas-e-segunda-chamada-dos-cursos-integrados-e-subsequentes","status":"publish","type":"post","link":"https:\/\/www.ifbaiano.edu.br\/unidades\/lapa\/2017\/02\/14\/publicada-nova-retificacao-do-edital-de-matriculas-e-segunda-chamada-dos-cursos-integrados-e-subsequentes\/","title":{"rendered":"Publicada Nova Retifica\u00e7\u00e3o do Edital de Matr\u00edculas e Segunda Chamada dos Cursos Integrados e Subsequentes"},"content":{"rendered":"<p>A Dire\u00e7\u00e3o Acad\u00eamica do Campus Bom Jesus da Lapa torna p\u00fablica a 2\u00aa Retifica\u00e7\u00e3o ao Edital de Matriculas 02\/2017 e a 2\u00aa Chamada de Matr\u00edculas, contendo a rela\u00e7\u00e3o dos novos convocados. Fiquem atentos aos prazos e documentos necess\u00e1rios para efetiva\u00e7\u00e3o de sua matr\u00edcula.<\/p>\n<p><a href=\"http:\/\/www.ifbaiano.edu.br\/unidades\/lapa\/files\/2017\/02\/retifica\u00e7ao-02-2017.pdf\">Acessem aqui a 2\u00aa retifica\u00e7\u00e3o ao Edital de Matriculas 02\/2017.<\/a><\/p>\n<p><a href=\"http:\/\/www.ifbaiano.edu.br\/unidades\/lapa\/files\/2017\/02\/segunda-chamada.pdf\">Acessem aqui a 2\u00aa chamada de matr\u00edculas<\/a><\/p>\n<p>&nbsp;<\/p>\n<p>Fonte: Comiss\u00e3o Local do Processo Seletivo<\/p>\n","protected":false},"excerpt":{"rendered":"<p>A Dire\u00e7\u00e3o Acad\u00eamica do Campus Bom Jesus da Lapa torna p\u00fablica a 2\u00aa Retifica\u00e7\u00e3o ao Edital de Matriculas 02\/2017 e a 2\u00aa Chamada de Matr\u00edculas, contendo a rela\u00e7\u00e3o dos novos convocados. Fiquem atentos aos prazos e documentos necess\u00e1rios para efetiva\u00e7\u00e3o de sua matr\u00edcula. Acessem aqui a 2\u00aa retifica\u00e7\u00e3o ao Edital de Matriculas 02\/2017. Acessem aqui [&hellip;]<\/p>\n","protected":false},"author":36,"featured_media":0,"comment_status":"open","ping_status":"open","sticky":false,"template":"","format":"standard","meta":[],"categories":[39],"tags":[],"_links":{"self":[{"href":"https:\/\/www.ifbaiano.edu.br\/unidades\/lapa\/wp-json\/wp\/v2\/posts\/7214"}],"collection":[{"href":"https:\/\/www.ifbaiano.edu.br\/unidades\/lapa\/wp-json\/wp\/v2\/posts"}],"about":[{"href":"https:\/\/www.ifbaiano.edu.br\/unidades\/lapa\/wp-json\/wp\/v2\/types\/post"}],"author":[{"embeddable":true,"href":"https:\/\/www.ifbaiano.edu.br\/unidades\/lapa\/wp-json\/wp\/v2\/users\/36"}],"replies":[{"embeddable":true,"href":"https:\/\/www.ifbaiano.edu.br\/unidades\/lapa\/wp-json\/wp\/v2\/comments?post=7214"}],"version-history":[{"count":6,"href":"https:\/\/www.ifbaiano.edu.br\/unidades\/lapa\/wp-json\/wp\/v2\/posts\/7214\/revisions"}],"predecessor-version":[{"id":7224,"href":"https:\/\/www.ifbaiano.edu.br\/unidades\/lapa\/wp-json\/wp\/v2\/posts\/7214\/revisions\/7224"}],"wp:attachment":[{"href":"https:\/\/www.ifbaiano.edu.br\/unidades\/lapa\/wp-json\/wp\/v2\/media?parent=7214"}],"wp:term":[{"taxonomy":"category","embeddable":true,"href":"https:\/\/www.ifbaiano.edu.br\/unidades\/lapa\/wp-json\/wp\/v2\/categories?post=7214"},{"taxonomy":"post_tag","embeddable":true,"href":"https:\/\/www.ifbaiano.edu.br\/unidades\/lapa\/wp-json\/wp\/v2\/tags?post=7214"}],"curies":[{"name":"wp","href":"https:\/\/api.w.org\/{rel}","templated":true}]}}