{"id":7242,"date":"2017-02-16T10:50:52","date_gmt":"2017-02-16T12:50:52","guid":{"rendered":"http:\/\/www.ifbaiano.edu.br\/unidades\/lapa\/?p=7242"},"modified":"2017-03-16T18:08:30","modified_gmt":"2017-03-16T20:08:30","slug":"campus-bom-jesus-da-lapa-realizara-atividades-de-nivelamento","status":"publish","type":"post","link":"https:\/\/www.ifbaiano.edu.br\/unidades\/lapa\/2017\/02\/16\/campus-bom-jesus-da-lapa-realizara-atividades-de-nivelamento\/","title":{"rendered":"Campus Bom Jesus da Lapa realizar\u00e1 atividades de nivelamento"},"content":{"rendered":"<p style=\"text-align: justify\">No per\u00edodo de <strong>20 a 23 de fevereiro de 2017<\/strong>, o <em>Campus<\/em> Bom Jesus da Lapa realizar\u00e1, para os <strong>novos alunos dos cursos Integrados e Subsequentes<\/strong>, atividades de <strong>nivelamento acad\u00eamico<\/strong>.<!--more--><\/p>\n<p style=\"text-align: justify\">A iniciativa tem como <strong>objetivo melhorar o desempenho acad\u00eamico dos(as) estudantes<\/strong>, especialmente dos ingressos, elevando a turma a um mesmo patamar de conhecimentos, aumentando as possibilidades de \u00eaxito no processo formativo e contribuindo, assim, para minimizar as situa\u00e7\u00f5es de evas\u00e3o e reten\u00e7\u00e3o.<\/p>\n<p style=\"text-align: justify\">Voc\u00ea que j\u00e1 se matriculou, n\u00e3o deixe de participar!<\/p>\n<p style=\"text-align: justify\"><strong>Fonte:<\/strong> Diretoria Acad\u00eamica<\/p>\n<p style=\"text-align: justify\"><img decoding=\"async\" loading=\"lazy\" class=\"size-full wp-image-7243 aligncenter\" src=\"http:\/\/www.ifbaiano.edu.br\/unidades\/lapa\/files\/2017\/02\/Informe-nivelamento.jpg\" alt=\"Informe-nivelamento\" width=\"640\" height=\"480\" \/><\/p>\n<p>&nbsp;<\/p>\n","protected":false},"excerpt":{"rendered":"<p>No per\u00edodo de 20 a 23 de fevereiro de 2017, o Campus Bom Jesus da Lapa realizar\u00e1, para os novos alunos dos cursos Integrados e Subsequentes, atividades de nivelamento acad\u00eamico.<\/p>\n","protected":false},"author":65,"featured_media":0,"comment_status":"open","ping_status":"open","sticky":false,"template":"","format":"standard","meta":[],"categories":[39,24],"tags":[],"_links":{"self":[{"href":"https:\/\/www.ifbaiano.edu.br\/unidades\/lapa\/wp-json\/wp\/v2\/posts\/7242"}],"collection":[{"href":"https:\/\/www.ifbaiano.edu.br\/unidades\/lapa\/wp-json\/wp\/v2\/posts"}],"about":[{"href":"https:\/\/www.ifbaiano.edu.br\/unidades\/lapa\/wp-json\/wp\/v2\/types\/post"}],"author":[{"embeddable":true,"href":"https:\/\/www.ifbaiano.edu.br\/unidades\/lapa\/wp-json\/wp\/v2\/users\/65"}],"replies":[{"embeddable":true,"href":"https:\/\/www.ifbaiano.edu.br\/unidades\/lapa\/wp-json\/wp\/v2\/comments?post=7242"}],"version-history":[{"count":8,"href":"https:\/\/www.ifbaiano.edu.br\/unidades\/lapa\/wp-json\/wp\/v2\/posts\/7242\/revisions"}],"predecessor-version":[{"id":7353,"href":"https:\/\/www.ifbaiano.edu.br\/unidades\/lapa\/wp-json\/wp\/v2\/posts\/7242\/revisions\/7353"}],"wp:attachment":[{"href":"https:\/\/www.ifbaiano.edu.br\/unidades\/lapa\/wp-json\/wp\/v2\/media?parent=7242"}],"wp:term":[{"taxonomy":"category","embeddable":true,"href":"https:\/\/www.ifbaiano.edu.br\/unidades\/lapa\/wp-json\/wp\/v2\/categories?post=7242"},{"taxonomy":"post_tag","embeddable":true,"href":"https:\/\/www.ifbaiano.edu.br\/unidades\/lapa\/wp-json\/wp\/v2\/tags?post=7242"}],"curies":[{"name":"wp","href":"https:\/\/api.w.org\/{rel}","templated":true}]}}